{"id":17268,"date":"2024-06-24T12:38:20","date_gmt":"2024-06-24T15:38:20","guid":{"rendered":"https:\/\/sjcbancarios.com.br\/site\/?p=17268"},"modified":"2024-07-04T12:55:44","modified_gmt":"2024-07-04T15:55:44","slug":"51o-encontro-nacional-contec-aprova-pauta-de-reivindicacoes-dos-bancarios-do-bb-e-caixa","status":"publish","type":"post","link":"https:\/\/sjcbancarios.com.br\/site\/noticias\/51o-encontro-nacional-contec-aprova-pauta-de-reivindicacoes-dos-bancarios-do-bb-e-caixa\/","title":{"rendered":"51\u00ba Encontro Nacional CONTEC aprova pauta de reivindica\u00e7\u00f5es dos banc\u00e1rios do BB e Caixa."},"content":{"rendered":"<p><em>Evento reuniu 360 dirigentes sindicais em Uberl\u00e2ndia-MG<\/em><\/p>\n<p><img loading=\"lazy\" decoding=\"async\" class=\"alignnone size-medium wp-image-17269\" src=\"https:\/\/sjcbancarios.com.br\/site\/wp-content\/uploads\/2024\/06\/encontro-contec-450x208.jpeg\" alt=\"\" width=\"450\" height=\"208\" srcset=\"https:\/\/sjcbancarios.com.br\/site\/wp-content\/uploads\/2024\/06\/encontro-contec-450x208.jpeg 450w, https:\/\/sjcbancarios.com.br\/site\/wp-content\/uploads\/2024\/06\/encontro-contec-1024x474.jpeg 1024w, https:\/\/sjcbancarios.com.br\/site\/wp-content\/uploads\/2024\/06\/encontro-contec-768x356.jpeg 768w, https:\/\/sjcbancarios.com.br\/site\/wp-content\/uploads\/2024\/06\/encontro-contec-24x11.jpeg 24w, https:\/\/sjcbancarios.com.br\/site\/wp-content\/uploads\/2024\/06\/encontro-contec-36x17.jpeg 36w, https:\/\/sjcbancarios.com.br\/site\/wp-content\/uploads\/2024\/06\/encontro-contec-48x22.jpeg 48w, https:\/\/sjcbancarios.com.br\/site\/wp-content\/uploads\/2024\/06\/encontro-contec.jpeg 1170w\" sizes=\"(max-width: 450px) 100vw, 450px\" \/><\/p>\n<p style=\"text-align: justify;\"><span style=\"font-family: arial, helvetica, sans-serif;\">A CONTEC realizou nos dias 20 e 21 de junho, o 51\u00ba Encontro Nacional de Dirigentes Sindicais Banc\u00e1rios, Securit\u00e1rios e Cooperativ\u00e1rios, em Uberl\u00e2ndia, Minas Gerais. O evento que teve por objetivo discutir e aprovar a pauta de reivindica\u00e7\u00f5es dos banc\u00e1rios do BB, CAIXA, Bancos privados e BASA \u2013 Banco da Amaz\u00f4nia para a Campanha Salarial 2024, filiados \u00e0 confedera\u00e7\u00e3o e contou com a participa\u00e7\u00e3o de mais de 360 representantes sindicais de todo pa\u00eds.<\/span><\/p>\n<p><img loading=\"lazy\" decoding=\"async\" class=\"alignnone size-medium wp-image-17271\" src=\"https:\/\/sjcbancarios.com.br\/site\/wp-content\/uploads\/2024\/06\/encontro-contec-2-450x300.jpeg\" alt=\"\" width=\"450\" height=\"300\" srcset=\"https:\/\/sjcbancarios.com.br\/site\/wp-content\/uploads\/2024\/06\/encontro-contec-2-450x300.jpeg 450w, https:\/\/sjcbancarios.com.br\/site\/wp-content\/uploads\/2024\/06\/encontro-contec-2-1024x683.jpeg 1024w, https:\/\/sjcbancarios.com.br\/site\/wp-content\/uploads\/2024\/06\/encontro-contec-2-768x512.jpeg 768w, https:\/\/sjcbancarios.com.br\/site\/wp-content\/uploads\/2024\/06\/encontro-contec-2-1536x1024.jpeg 1536w, https:\/\/sjcbancarios.com.br\/site\/wp-content\/uploads\/2024\/06\/encontro-contec-2-24x16.jpeg 24w, https:\/\/sjcbancarios.com.br\/site\/wp-content\/uploads\/2024\/06\/encontro-contec-2-36x24.jpeg 36w, https:\/\/sjcbancarios.com.br\/site\/wp-content\/uploads\/2024\/06\/encontro-contec-2-48x32.jpeg 48w, https:\/\/sjcbancarios.com.br\/site\/wp-content\/uploads\/2024\/06\/encontro-contec-2-272x182.jpeg 272w, https:\/\/sjcbancarios.com.br\/site\/wp-content\/uploads\/2024\/06\/encontro-contec-2.jpeg 1650w\" sizes=\"(max-width: 450px) 100vw, 450px\" \/><\/p>\n<p style=\"text-align: justify;\"><span style=\"font-family: arial, helvetica, sans-serif;\">No primeiro dia, a economista do DIEESE, Mariel Angeli, conduziu o painel sobre a conjuntura econ\u00f4mica em 2024, com destaque para o cen\u00e1rio do emprego e desemprego e desafios para o Brasil nos pr\u00f3ximos anos. O meio ambiente, a Amaz\u00f4nia, as mudan\u00e7as clim\u00e1ticas e as ONGs foram o tema central da palestra do Secret\u00e1rio de Rela\u00e7\u00f5es Internacionais da Prefeitura de S\u00e3o Paulo, Aldo Rebelo, lideran\u00e7a muito ligada \u00e0 pauta. O momento anotou ainda com espa\u00e7o para perguntas e debates. Por fim, o Setor Banc\u00e1rio foi tratado na palestra apresentada pelo Dr. Adauto Duarte, diretor de Rela\u00e7\u00f5es Trabalhistas e Sindicais e negociador da FENABAN.<\/span><\/p>\n<p style=\"text-align: justify;\"><span style=\"font-family: arial, helvetica, sans-serif;\">Ainda no dia 20 de junho, deu in\u00edcio \u00e0s discuss\u00f5es sobre as pautas de reivindica\u00e7\u00f5es das propostas encaminhadas pelas Federa\u00e7\u00f5es filiadas.\u00a0 Os dirigentes deram in\u00edcio aos debates estrat\u00e9gicos de assuntos ao avan\u00e7o tecnol\u00f3gico na rotina banc\u00e1ria, combate \u00e0s demiss\u00f5es em massa, melhores condi\u00e7\u00f5es de trabalho e de vida,\u00a0 al\u00e9m da manuten\u00e7\u00e3o de postos de trabalho. As reivindica\u00e7\u00f5es est\u00e3o alinhadas aos interesses de cumprimento das Conven\u00e7\u00f5es e Acordos Coletivos de Trabalho.<\/span><\/p>\n<p style=\"text-align: justify;\"><span style=\"font-family: arial, helvetica, sans-serif;\">Reivindica\u00e7\u00f5es ligadas \u00e0 sa\u00fade, garantia de emprego, data base, homologa\u00e7\u00e3o de contratos de trabalho na presen\u00e7a do sindicato e demais itens, foram minuciosamente avaliadas durante os debates. Para o presidente da CONTEC, Louren\u00e7o Prado, foram discutidas demandas cada vez mais importantes para a categoria. \u201cAprofundamos de maneira adequada o debate de muitos temas relevantes e urgentes. Como \u00e9 o caso da Intelig\u00eancia Artificial, que \u00e9 um assunto que deve ser muito debatido durante a campanha salarial, porque a tecnologia n\u00e3o pode vir para tirar nossos empregos e nos desqualificar profissionalmente. A ferramenta tem que ajudar o dono da empresa, mas deve ajudar os empregados\u201d, disse.<\/span><\/p>\n<p style=\"text-align: justify;\"><span style=\"font-family: arial, helvetica, sans-serif;\">Tamb\u00e9m foi eleita a Comiss\u00e3o Executiva Banc\u00e1ria Nacional de Negocia\u00e7\u00e3o \u2013 CEBNN, que atuar\u00e1 durante a campanha salarial deste ano, e \u00e9 integrada pelas Federa\u00e7\u00f5es dos Banc\u00e1rios N\/NE,PB,AL\/PE\/RN,SP\/MS, MG,GO\/TO\/DF, PR, SC E Delegacia da CONTEC- RS e SEEBs GO, TO, AM , sob coordena\u00e7\u00e3o da CONTEC.<\/span><\/p>\n<p style=\"text-align: justify;\"><span style=\"font-family: arial, helvetica, sans-serif;\">Durante o encerramento do evento, em sess\u00e3o solene, o presidente da Federa\u00e7\u00e3o dos Banc\u00e1rios de Minas Gerais, Alfredo Brand\u00e3o, homenageou o presidente da CONTEC, Louren\u00e7o Prado, com medalha de m\u00e9rito unidade. \u201cSenti-me muito lisonjeado e honrado pela comenda. Agrade\u00e7o pelo gesto aos companheiros de longa data,\u201d completou Prado.<\/span><\/p>\n<p>Fonte: Contec\u00a0<\/p>\n","protected":false},"excerpt":{"rendered":"<p class=\"excerpt\">Evento reuniu 360 dirigentes sindicais em Uberl\u00e2ndia-MG A CONTEC realizou nos dias 20 e 21 de junho, o 51\u00ba Encontro Nacional de Dirigentes Sindicais Banc\u00e1rios, Securit\u00e1rios e Cooperativ\u00e1rios, em Uberl\u00e2ndia, Minas Gerais. O evento que teve por objetivo discutir e aprovar a pauta de reivindica\u00e7\u00f5es dos banc\u00e1rios do BB, CAIXA, Bancos privados e BASA \u2013 [&hellip;]<\/p>\n","protected":false},"author":2,"featured_media":17270,"comment_status":"closed","ping_status":"closed","sticky":false,"template":"","format":"standard","meta":{"_et_pb_use_builder":"","_et_pb_old_content":"","_et_gb_content_width":"","footnotes":""},"categories":[13],"tags":[],"class_list":["post-17268","post","type-post","status-publish","format-standard","has-post-thumbnail","hentry","category-noticias"],"_links":{"self":[{"href":"https:\/\/sjcbancarios.com.br\/site\/wp-json\/wp\/v2\/posts\/17268","targetHints":{"allow":["GET"]}}],"collection":[{"href":"https:\/\/sjcbancarios.com.br\/site\/wp-json\/wp\/v2\/posts"}],"about":[{"href":"https:\/\/sjcbancarios.com.br\/site\/wp-json\/wp\/v2\/types\/post"}],"author":[{"embeddable":true,"href":"https:\/\/sjcbancarios.com.br\/site\/wp-json\/wp\/v2\/users\/2"}],"replies":[{"embeddable":true,"href":"https:\/\/sjcbancarios.com.br\/site\/wp-json\/wp\/v2\/comments?post=17268"}],"version-history":[{"count":0,"href":"https:\/\/sjcbancarios.com.br\/site\/wp-json\/wp\/v2\/posts\/17268\/revisions"}],"wp:featuredmedia":[{"embeddable":true,"href":"https:\/\/sjcbancarios.com.br\/site\/wp-json\/wp\/v2\/media\/17270"}],"wp:attachment":[{"href":"https:\/\/sjcbancarios.com.br\/site\/wp-json\/wp\/v2\/media?parent=17268"}],"wp:term":[{"taxonomy":"category","embeddable":true,"href":"https:\/\/sjcbancarios.com.br\/site\/wp-json\/wp\/v2\/categories?post=17268"},{"taxonomy":"post_tag","embeddable":true,"href":"https:\/\/sjcbancarios.com.br\/site\/wp-json\/wp\/v2\/tags?post=17268"}],"curies":[{"name":"wp","href":"https:\/\/api.w.org\/{rel}","templated":true}]}}