{"id":17264,"date":"2024-06-24T11:54:40","date_gmt":"2024-06-24T14:54:40","guid":{"rendered":"https:\/\/sjcbancarios.com.br\/site\/?p=17264"},"modified":"2024-07-04T12:56:12","modified_gmt":"2024-07-04T15:56:12","slug":"camara-municipal-de-sao-jose-dos-campos-apresenta-mocao-de-congratulacoes-pelos-60-anos-do-sindicato","status":"publish","type":"post","link":"https:\/\/sjcbancarios.com.br\/site\/noticias\/camara-municipal-de-sao-jose-dos-campos-apresenta-mocao-de-congratulacoes-pelos-60-anos-do-sindicato\/","title":{"rendered":"C\u00e2mara Municipal de S\u00e3o Jos\u00e9 dos Campos apresenta mo\u00e7\u00e3o de congratula\u00e7\u00f5es pelos 60 anos do Sindicato."},"content":{"rendered":"<p style=\"text-align: justify;\"><span style=\"font-family: arial, helvetica, sans-serif;\"><em>O Sindicato recebeu mo\u00e7\u00e3o de congratula\u00e7\u00f5es na C\u00e2mara Municipal de Vereadores de S\u00e3o Jos\u00e9 dos Campos. Iniciativa da vereadora em exerc\u00edcio Am\u00e9lia Naomi<\/em><\/span><\/p>\n<p><img loading=\"lazy\" decoding=\"async\" class=\"alignnone size-medium wp-image-17265\" src=\"https:\/\/sjcbancarios.com.br\/site\/wp-content\/uploads\/2024\/06\/mocao-camara-450x183.jpeg\" alt=\"\" width=\"450\" height=\"183\" srcset=\"https:\/\/sjcbancarios.com.br\/site\/wp-content\/uploads\/2024\/06\/mocao-camara-450x183.jpeg 450w, https:\/\/sjcbancarios.com.br\/site\/wp-content\/uploads\/2024\/06\/mocao-camara-1024x416.jpeg 1024w, https:\/\/sjcbancarios.com.br\/site\/wp-content\/uploads\/2024\/06\/mocao-camara-768x312.jpeg 768w, https:\/\/sjcbancarios.com.br\/site\/wp-content\/uploads\/2024\/06\/mocao-camara-24x10.jpeg 24w, https:\/\/sjcbancarios.com.br\/site\/wp-content\/uploads\/2024\/06\/mocao-camara-36x15.jpeg 36w, https:\/\/sjcbancarios.com.br\/site\/wp-content\/uploads\/2024\/06\/mocao-camara-48x20.jpeg 48w, https:\/\/sjcbancarios.com.br\/site\/wp-content\/uploads\/2024\/06\/mocao-camara.jpeg 1280w\" sizes=\"(max-width: 450px) 100vw, 450px\" \/><\/p>\n<p style=\"text-align: justify;\"><span style=\"font-family: arial, helvetica, sans-serif;\">O Sindicato dos Banc\u00e1rios de S\u00e3o Jos\u00e9 dos Campos e Regi\u00e3o recebeu uma mo\u00e7\u00e3o de congratula\u00e7\u00f5es pelos 60 anos de hist\u00f3ria, completados no dia 21 de janeiro deste ano de 2024.<\/span><\/p>\n<p style=\"text-align: justify;\"><span style=\"font-family: arial, helvetica, sans-serif;\">A homenagem de autoria da vereadora Am\u00e9lia Naomi (PT), foi apresentada na sess\u00e3o ordin\u00e1ria da C\u00e2mara de Vereadores de S\u00e3o Jos\u00e9 dos Campos no dia 28 de maio de 2024. A propositura da vereadora em exerc\u00edcio \u00e9 uma homenagem \u00e0 entidade por suas seis d\u00e9cadas de luta e atua\u00e7\u00e3o na cidade e na regi\u00e3o, em prol dos trabalhadores banc\u00e1rios. \u201cEsta entidade segue empenhada na manuten\u00e7\u00e3o de tudo o que j\u00e1 foi constru\u00eddo, bem como na busca constante por novas conquistas\u201d, relatou no documento.<\/span><\/p>\n<p style=\"text-align: justify;\">\u00a0<\/p>\n<p style=\"text-align: justify;\"><span style=\"font-family: arial, helvetica, sans-serif;\">Assessoria de Imprensa do Seeb S\u00e3o Jos\u00e9 dos Campos e Regi\u00e3o.<\/span><\/p>\n","protected":false},"excerpt":{"rendered":"<p class=\"excerpt\">O Sindicato recebeu mo\u00e7\u00e3o de congratula\u00e7\u00f5es na C\u00e2mara Municipal de Vereadores de S\u00e3o Jos\u00e9 dos Campos. Iniciativa da vereadora em exerc\u00edcio Am\u00e9lia Naomi O Sindicato dos Banc\u00e1rios de S\u00e3o Jos\u00e9 dos Campos e Regi\u00e3o recebeu uma mo\u00e7\u00e3o de congratula\u00e7\u00f5es pelos 60 anos de hist\u00f3ria, completados no dia 21 de janeiro deste ano de 2024. A [&hellip;]<\/p>\n","protected":false},"author":2,"featured_media":17266,"comment_status":"closed","ping_status":"closed","sticky":false,"template":"","format":"standard","meta":{"_et_pb_use_builder":"","_et_pb_old_content":"","_et_gb_content_width":"","footnotes":""},"categories":[13],"tags":[],"class_list":["post-17264","post","type-post","status-publish","format-standard","has-post-thumbnail","hentry","category-noticias"],"_links":{"self":[{"href":"https:\/\/sjcbancarios.com.br\/site\/wp-json\/wp\/v2\/posts\/17264","targetHints":{"allow":["GET"]}}],"collection":[{"href":"https:\/\/sjcbancarios.com.br\/site\/wp-json\/wp\/v2\/posts"}],"about":[{"href":"https:\/\/sjcbancarios.com.br\/site\/wp-json\/wp\/v2\/types\/post"}],"author":[{"embeddable":true,"href":"https:\/\/sjcbancarios.com.br\/site\/wp-json\/wp\/v2\/users\/2"}],"replies":[{"embeddable":true,"href":"https:\/\/sjcbancarios.com.br\/site\/wp-json\/wp\/v2\/comments?post=17264"}],"version-history":[{"count":0,"href":"https:\/\/sjcbancarios.com.br\/site\/wp-json\/wp\/v2\/posts\/17264\/revisions"}],"wp:featuredmedia":[{"embeddable":true,"href":"https:\/\/sjcbancarios.com.br\/site\/wp-json\/wp\/v2\/media\/17266"}],"wp:attachment":[{"href":"https:\/\/sjcbancarios.com.br\/site\/wp-json\/wp\/v2\/media?parent=17264"}],"wp:term":[{"taxonomy":"category","embeddable":true,"href":"https:\/\/sjcbancarios.com.br\/site\/wp-json\/wp\/v2\/categories?post=17264"},{"taxonomy":"post_tag","embeddable":true,"href":"https:\/\/sjcbancarios.com.br\/site\/wp-json\/wp\/v2\/tags?post=17264"}],"curies":[{"name":"wp","href":"https:\/\/api.w.org\/{rel}","templated":true}]}}