{"id":17244,"date":"2024-06-21T13:06:38","date_gmt":"2024-06-21T16:06:38","guid":{"rendered":"https:\/\/sjcbancarios.com.br\/site\/?p=17244"},"modified":"2024-07-04T12:57:28","modified_gmt":"2024-07-04T15:57:28","slug":"coletivo-mulheres-da-ugt-reune-liderancas-sindicais-para-debater-propostas-ampliar-a-representacao-feminina-nos-espacos-de-decisao","status":"publish","type":"post","link":"https:\/\/sjcbancarios.com.br\/site\/noticias\/coletivo-mulheres-da-ugt-reune-liderancas-sindicais-para-debater-propostas-ampliar-a-representacao-feminina-nos-espacos-de-decisao\/","title":{"rendered":"Coletivo Mulheres da UGT re\u00fane lideran\u00e7as sindicais para debater propostas que amplie a representa\u00e7\u00e3o feminina nos espa\u00e7os de decis\u00e3o."},"content":{"rendered":"<p style=\"text-align: justify;\"><span style=\"font-family: arial, helvetica, sans-serif;\">Nesta quinta-feira, 20 de junho, a sede da Uni\u00e3o Geral dos Trabalhadores (UGT), localizada na regi\u00e3o central de S\u00e3o Paulo, foi palco do &#8220;Encontro Nacional das Mulheres &#8211; UGT&#8221;. O evento, realizado em formato h\u00edbrido, foi promovido pelo Coletivo Mulheres da UGT em parceria com o Solidarity Center, reunindo lideran\u00e7as sindicais e especialistas para debater e buscar maneiras de fortalecer a capacidade de organiza\u00e7\u00e3o dos sindicatos e ampliar a representa\u00e7\u00e3o feminina nos espa\u00e7os de decis\u00e3o do movimento sindical.<\/span><\/p>\n<p style=\"text-align: justify;\"><span style=\"font-family: arial, helvetica, sans-serif;\">O encontro teve como objetivo principal discutir estrat\u00e9gias para aumentar a presen\u00e7a e a influ\u00eancia das mulheres nos sindicatos, reconhecendo a import\u00e2ncia de sua participa\u00e7\u00e3o ativa nas decis\u00f5es que impactam diretamente suas vidas e carreiras. O evento proporcionou um espa\u00e7o para troca de experi\u00eancias e conhecimento, destacando a necessidade urgente de uma maior inclus\u00e3o feminina nas lideran\u00e7as sindicais.<\/span><\/p>\n<p style=\"text-align: justify;\"><span style=\"font-family: arial, helvetica, sans-serif;\"><img loading=\"lazy\" decoding=\"async\" class=\"alignnone size-medium wp-image-17245\" src=\"https:\/\/sjcbancarios.com.br\/site\/wp-content\/uploads\/2024\/06\/encontro-mulheres-UGT-3-400x300.jpeg\" alt=\"\" width=\"400\" height=\"300\" srcset=\"https:\/\/sjcbancarios.com.br\/site\/wp-content\/uploads\/2024\/06\/encontro-mulheres-UGT-3-400x300.jpeg 400w, https:\/\/sjcbancarios.com.br\/site\/wp-content\/uploads\/2024\/06\/encontro-mulheres-UGT-3-1024x768.jpeg 1024w, https:\/\/sjcbancarios.com.br\/site\/wp-content\/uploads\/2024\/06\/encontro-mulheres-UGT-3-768x576.jpeg 768w, https:\/\/sjcbancarios.com.br\/site\/wp-content\/uploads\/2024\/06\/encontro-mulheres-UGT-3-1536x1152.jpeg 1536w, https:\/\/sjcbancarios.com.br\/site\/wp-content\/uploads\/2024\/06\/encontro-mulheres-UGT-3-24x18.jpeg 24w, https:\/\/sjcbancarios.com.br\/site\/wp-content\/uploads\/2024\/06\/encontro-mulheres-UGT-3-36x27.jpeg 36w, https:\/\/sjcbancarios.com.br\/site\/wp-content\/uploads\/2024\/06\/encontro-mulheres-UGT-3-48x36.jpeg 48w, https:\/\/sjcbancarios.com.br\/site\/wp-content\/uploads\/2024\/06\/encontro-mulheres-UGT-3.jpeg 1600w\" sizes=\"(max-width: 400px) 100vw, 400px\" \/><\/span><\/p>\n<p style=\"text-align: justify;\"><span style=\"font-family: arial, helvetica, sans-serif;\">A mesa de abertura contou com a presen\u00e7a de Cleonice Caetano e C\u00e1ssia Bufelli, ambas vice-presidentes da UGT, al\u00e9m de Maria Edna e Ana Cristina dos Santos Duarte, respectivamente Secret\u00e1ria Adjunta da Mulher e Secret\u00e1ria para Assuntos da Diversidade Humana da UGT e da secret\u00e1ria da mulher da UGT-SP, D\u00e9bora Machado, que coordenou os trabalhos durante o dia.<\/span><\/p>\n<p style=\"text-align: justify;\"><span style=\"font-family: arial, helvetica, sans-serif;\">O evento ressaltou a import\u00e2ncia da uni\u00e3o e da a\u00e7\u00e3o coletiva para enfrentar os desafios que ainda se colocam \u00e0 frente das mulheres no mercado de trabalho e no movimento sindical. As discuss\u00f5es enfatizaram a necessidade de uma agenda cont\u00ednua de luta por mais representatividade, melhores condi\u00e7\u00f5es de trabalho, e pol\u00edticas que promovam a igualdade de g\u00eanero.<\/span><\/p>\n<p style=\"text-align: justify;\"><span style=\"font-family: arial, helvetica, sans-serif;\">O Encontro Nacional das Mulheres &#8211; UGT foi uma importante plataforma para discutir e promover a participa\u00e7\u00e3o feminina no movimento sindical, destacando a necessidade de uma maior inclus\u00e3o e representatividade das mulheres. A presen\u00e7a de lideran\u00e7as comprometidas e a abordagem de temas cr\u00edticos mostram o compromisso da UGT e de seus parceiros em continuar avan\u00e7ando na luta por direitos e igualdade.<\/span><\/p>\n<p style=\"text-align: justify;\"><span style=\"font-family: arial, helvetica, sans-serif;\"><img loading=\"lazy\" decoding=\"async\" class=\"alignnone size-medium wp-image-17248\" src=\"https:\/\/sjcbancarios.com.br\/site\/wp-content\/uploads\/2024\/06\/encontro-nacional-debora-225x300.jpeg\" alt=\"\" width=\"225\" height=\"300\" srcset=\"https:\/\/sjcbancarios.com.br\/site\/wp-content\/uploads\/2024\/06\/encontro-nacional-debora-225x300.jpeg 225w, https:\/\/sjcbancarios.com.br\/site\/wp-content\/uploads\/2024\/06\/encontro-nacional-debora-768x1024.jpeg 768w, https:\/\/sjcbancarios.com.br\/site\/wp-content\/uploads\/2024\/06\/encontro-nacional-debora-18x24.jpeg 18w, https:\/\/sjcbancarios.com.br\/site\/wp-content\/uploads\/2024\/06\/encontro-nacional-debora-27x36.jpeg 27w, https:\/\/sjcbancarios.com.br\/site\/wp-content\/uploads\/2024\/06\/encontro-nacional-debora-36x48.jpeg 36w, https:\/\/sjcbancarios.com.br\/site\/wp-content\/uploads\/2024\/06\/encontro-nacional-debora.jpeg 900w\" sizes=\"(max-width: 225px) 100vw, 225px\" \/><\/span><\/p>\n<p style=\"text-align: justify;\"><span style=\"font-family: arial, helvetica, sans-serif;\">\u201cMas do que nunca se faz necess\u00e1rio que as mulheres se apoiem e se unam para garantir e ampliar a participa\u00e7\u00e3o feminina nos espa\u00e7os de poder. Precisamos entender que n\u00e3o \u00e9 mais poss\u00edvel que \u201coutros\u201d falem por n\u00f3s, que nos represente. Para avan\u00e7armos temos que ocupar nosso lugar de fala\u201d, disse D\u00e9bora Machado, diretora do Sindicato dos Banc\u00e1rios de S\u00e3o Jos\u00e9 dos Campos e secret\u00e1ria da mulher da UGT-SP.<\/span><\/p>\n<p style=\"text-align: justify;\"><span style=\"font-family: arial, helvetica, sans-serif;\">Com informa\u00e7\u00f5es da UGT<\/span><\/p>\n","protected":false},"excerpt":{"rendered":"<p class=\"excerpt\">Nesta quinta-feira, 20 de junho, a sede da Uni\u00e3o Geral dos Trabalhadores (UGT), localizada na regi\u00e3o central de S\u00e3o Paulo, foi palco do &#8220;Encontro Nacional das Mulheres &#8211; UGT&#8221;. O evento, realizado em formato h\u00edbrido, foi promovido pelo Coletivo Mulheres da UGT em parceria com o Solidarity Center, reunindo lideran\u00e7as sindicais e especialistas para debater [&hellip;]<\/p>\n","protected":false},"author":2,"featured_media":17247,"comment_status":"closed","ping_status":"closed","sticky":false,"template":"","format":"standard","meta":{"_et_pb_use_builder":"","_et_pb_old_content":"","_et_gb_content_width":"","footnotes":""},"categories":[13],"tags":[],"class_list":["post-17244","post","type-post","status-publish","format-standard","has-post-thumbnail","hentry","category-noticias"],"_links":{"self":[{"href":"https:\/\/sjcbancarios.com.br\/site\/wp-json\/wp\/v2\/posts\/17244","targetHints":{"allow":["GET"]}}],"collection":[{"href":"https:\/\/sjcbancarios.com.br\/site\/wp-json\/wp\/v2\/posts"}],"about":[{"href":"https:\/\/sjcbancarios.com.br\/site\/wp-json\/wp\/v2\/types\/post"}],"author":[{"embeddable":true,"href":"https:\/\/sjcbancarios.com.br\/site\/wp-json\/wp\/v2\/users\/2"}],"replies":[{"embeddable":true,"href":"https:\/\/sjcbancarios.com.br\/site\/wp-json\/wp\/v2\/comments?post=17244"}],"version-history":[{"count":0,"href":"https:\/\/sjcbancarios.com.br\/site\/wp-json\/wp\/v2\/posts\/17244\/revisions"}],"wp:featuredmedia":[{"embeddable":true,"href":"https:\/\/sjcbancarios.com.br\/site\/wp-json\/wp\/v2\/media\/17247"}],"wp:attachment":[{"href":"https:\/\/sjcbancarios.com.br\/site\/wp-json\/wp\/v2\/media?parent=17244"}],"wp:term":[{"taxonomy":"category","embeddable":true,"href":"https:\/\/sjcbancarios.com.br\/site\/wp-json\/wp\/v2\/categories?post=17244"},{"taxonomy":"post_tag","embeddable":true,"href":"https:\/\/sjcbancarios.com.br\/site\/wp-json\/wp\/v2\/tags?post=17244"}],"curies":[{"name":"wp","href":"https:\/\/api.w.org\/{rel}","templated":true}]}}