{"id":17223,"date":"2024-06-14T12:45:36","date_gmt":"2024-06-14T15:45:36","guid":{"rendered":"https:\/\/sjcbancarios.com.br\/site\/?p=17223"},"modified":"2024-06-25T12:53:01","modified_gmt":"2024-06-25T15:53:01","slug":"campanha-salarial-2024-bancarios-aprovam-minuta-de-reivindicacoes","status":"publish","type":"post","link":"https:\/\/sjcbancarios.com.br\/site\/noticias\/campanha-salarial-2024-bancarios-aprovam-minuta-de-reivindicacoes\/","title":{"rendered":"Campanha Salarial 2024: Banc\u00e1rios aprovam minuta de reivindica\u00e7\u00f5es."},"content":{"rendered":"<p style=\"text-align: justify;\"><span style=\"font-family: arial, helvetica, sans-serif;\"><em>A assembleia geral extraordin\u00e1ria dos banc\u00e1rios de S\u00e3o Jos\u00e9 dos Campos e Regi\u00e3o aprovou, nesta quinta-feira (13), a minuta de reivindica\u00e7\u00f5es da Campanha Nacional 2024.<\/em><\/span><\/p>\n<p style=\"text-align: justify;\"><span style=\"font-family: arial, helvetica, sans-serif;\">A vota\u00e7\u00e3o aconteceu online, o que favorece a participa\u00e7\u00e3o mais ampla de quem n\u00e3o pode vir ao Sindicato e dois documentos foram aprovados: a minuta com as reivindica\u00e7\u00f5es e a minuta do pr\u00e9 acordo, ambas dispon\u00edveis para consulta em nosso site.\u00a0<\/span><\/p>\n<p style=\"text-align: justify;\"><span style=\"font-family: arial, helvetica, sans-serif;\">O processo come\u00e7ou com a Consulta Nacional, que contou com a participa\u00e7\u00e3o de centenas de banc\u00e1rios da regi\u00e3o. Nos meses de maio e junho foi a vez dos encontros das federa\u00e7\u00f5es de banc\u00e1rios. Na semana passada aconteceram os encontros nacionais dos funcion\u00e1rios dos bancos p\u00fablicos e privados e o processo foi conclu\u00eddo com a Confer\u00eancia Nacional, nos dias 7 a 9 de junho.<\/span><\/p>\n<p style=\"text-align: justify;\"><span style=\"font-family: arial, helvetica, sans-serif;\">Agora, com a aprova\u00e7\u00e3o das bases sindicais por todo o pa\u00eds, a pauta ser\u00e1 entregue pelo Comando Nacional dos Banc\u00e1rios \u00e0 Fenaban, dando in\u00edcio \u00e0s negocia\u00e7\u00f5es. E isso j\u00e1 tem data para acontecer: dia 18 de junho.<\/span><\/p>\n<p style=\"text-align: justify;\"><span style=\"font-family: arial, helvetica, sans-serif;\"><strong>Os principais eixos da minuta aprovada s\u00e3o:<\/strong><\/span><\/p>\n<p style=\"text-align: justify;\"><span style=\"font-family: arial, helvetica, sans-serif;\">Aumento real de 5% (infla\u00e7\u00e3o + 5%), PLR maior e amplia\u00e7\u00e3o de direitos;<\/span><br \/>\n<span style=\"font-family: arial, helvetica, sans-serif;\">Fim do ass\u00e9dio e dos Instrumentos Adoecedores na Cobran\u00e7a de Metas;<\/span><br \/>\n<span style=\"font-family: arial, helvetica, sans-serif;\">Representa\u00e7\u00e3o de todos os Trabalhadores do Ramo Financeiro;<\/span><br \/>\n<span style=\"font-family: arial, helvetica, sans-serif;\">Defesa dos empregos, impactos dos avan\u00e7os tecnol\u00f3gicos no trabalho banc\u00e1rio;<\/span><br \/>\n<span style=\"font-family: arial, helvetica, sans-serif;\">Fortalecimento das entidades sindicais e da negocia\u00e7\u00e3o coletiva;<\/span><\/p>\n<p style=\"text-align: justify;\"><span style=\"font-family: arial, helvetica, sans-serif;\">A Campanha Salarial tamb\u00e9m discutir\u00e1 com a categoria e a sociedade as seguintes pautas:\u00a0Amplia\u00e7\u00e3o da sindicaliza\u00e7\u00e3o; Redu\u00e7\u00e3o da taxa de juros para induzir o crescimento econ\u00f4mico e gera\u00e7\u00e3o de emprego e renda; Reforma tribut\u00e1ria: tributar os super ricos e ampliar a isen\u00e7\u00e3o do IR na PLR; Fortalecimento do debate sobre a import\u00e2ncia das elei\u00e7\u00f5es de 2024 para a Classe Trabalhadora na defesa de seus direitos e da Democracia: eleger candidatos e candidatas que tenham compromisso com esta pauta.<\/span><\/p>\n<p>Escrito por Departamento de comunica\u00e7\u00e3o do Sindicato.\u00a0<\/p>\n","protected":false},"excerpt":{"rendered":"<p class=\"excerpt\">A assembleia geral extraordin\u00e1ria dos banc\u00e1rios de S\u00e3o Jos\u00e9 dos Campos e Regi\u00e3o aprovou, nesta quinta-feira (13), a minuta de reivindica\u00e7\u00f5es da Campanha Nacional 2024. A vota\u00e7\u00e3o aconteceu online, o que favorece a participa\u00e7\u00e3o mais ampla de quem n\u00e3o pode vir ao Sindicato e dois documentos foram aprovados: a minuta com as reivindica\u00e7\u00f5es e a [&hellip;]<\/p>\n","protected":false},"author":2,"featured_media":12879,"comment_status":"closed","ping_status":"closed","sticky":false,"template":"","format":"standard","meta":{"_et_pb_use_builder":"","_et_pb_old_content":"","_et_gb_content_width":"","footnotes":""},"categories":[13],"tags":[],"class_list":["post-17223","post","type-post","status-publish","format-standard","has-post-thumbnail","hentry","category-noticias"],"_links":{"self":[{"href":"https:\/\/sjcbancarios.com.br\/site\/wp-json\/wp\/v2\/posts\/17223","targetHints":{"allow":["GET"]}}],"collection":[{"href":"https:\/\/sjcbancarios.com.br\/site\/wp-json\/wp\/v2\/posts"}],"about":[{"href":"https:\/\/sjcbancarios.com.br\/site\/wp-json\/wp\/v2\/types\/post"}],"author":[{"embeddable":true,"href":"https:\/\/sjcbancarios.com.br\/site\/wp-json\/wp\/v2\/users\/2"}],"replies":[{"embeddable":true,"href":"https:\/\/sjcbancarios.com.br\/site\/wp-json\/wp\/v2\/comments?post=17223"}],"version-history":[{"count":0,"href":"https:\/\/sjcbancarios.com.br\/site\/wp-json\/wp\/v2\/posts\/17223\/revisions"}],"wp:featuredmedia":[{"embeddable":true,"href":"https:\/\/sjcbancarios.com.br\/site\/wp-json\/wp\/v2\/media\/12879"}],"wp:attachment":[{"href":"https:\/\/sjcbancarios.com.br\/site\/wp-json\/wp\/v2\/media?parent=17223"}],"wp:term":[{"taxonomy":"category","embeddable":true,"href":"https:\/\/sjcbancarios.com.br\/site\/wp-json\/wp\/v2\/categories?post=17223"},{"taxonomy":"post_tag","embeddable":true,"href":"https:\/\/sjcbancarios.com.br\/site\/wp-json\/wp\/v2\/tags?post=17223"}],"curies":[{"name":"wp","href":"https:\/\/api.w.org\/{rel}","templated":true}]}}