{"id":17196,"date":"2024-06-12T13:57:07","date_gmt":"2024-06-12T16:57:07","guid":{"rendered":"https:\/\/sjcbancarios.com.br\/site\/?p=17196"},"modified":"2024-06-25T12:51:25","modified_gmt":"2024-06-25T15:51:25","slug":"bancos-privados-bancarios-querem-aumento-real-direitos-e-empregos-assembleia-dia-13-vai-deliberar-a-pauta-de-reivindicacoes-da-categoria","status":"publish","type":"post","link":"https:\/\/sjcbancarios.com.br\/site\/noticias\/bancos-privados-bancarios-querem-aumento-real-direitos-e-empregos-assembleia-dia-13-vai-deliberar-a-pauta-de-reivindicacoes-da-categoria\/","title":{"rendered":"BANCOS PRIVADOS &#8211; Banc\u00e1rios querem aumento real, direitos e empregos: Assembleia, dia 13, vai deliberar a pauta de reivindica\u00e7\u00f5es da categoria!"},"content":{"rendered":"<p style=\"text-align: justify;\"><span style=\"font-family: arial, helvetica, sans-serif;\"><em>Banc\u00e1rios votam e aprovam a pauta de reivindica\u00e7\u00f5es da categoria.\u00a0<\/em><\/span><span style=\"font-family: arial, helvetica, sans-serif;\">Assembleia, dia 13 de junho de 2024, das 19:00 horas at\u00e9 \u00e0s 23:59 horas<\/span><\/p>\n<p style=\"text-align: justify;\"><a href=\"https:\/\/forms.gle\/X3187MCUdTZDfW3Q8\">ASSEMBLEIA VOTE AQUI!<\/a><\/p>\n<p><a href=\"https:\/\/sjcbancarios.com.br\/site\/acordo-coletivo\/bancos-privados\/\">Leia as minutas na \u00edntegra<\/a><\/p>\n<p style=\"text-align: justify;\"><span style=\"font-family: arial, helvetica, sans-serif;\">Banc\u00e1rios de todo o pa\u00eds, reunidos na capital paulista, aprovaram, no ultimo domingo 9, a pauta de reivindica\u00e7\u00f5es da categoria, que ser\u00e1 entregue \u00e0 Fenaban (federa\u00e7\u00e3o dos bancos) para dar in\u00edcio \u00e0s mesas de negocia\u00e7\u00e3o da Campanha Nacional 2024. Entre as prioridades est\u00e3o: aumento real de 5%, manuten\u00e7\u00e3o dos direitos e defesa dos empregos. A 26\u00aa Confer\u00eancia Nacional dos Trabalhadores do Ramo Financeiro iniciou na sexta-feira 7 e encerrou-se neste domingo, reunindo 632 delegados de norte a sul do pa\u00eds.<\/span><\/p>\n<p><img loading=\"lazy\" decoding=\"async\" class=\"alignnone size-medium wp-image-17204\" src=\"https:\/\/sjcbancarios.com.br\/site\/wp-content\/uploads\/2024\/06\/federacao-conferencia-nacional-450x253.jpeg\" alt=\"\" width=\"450\" height=\"253\" srcset=\"https:\/\/sjcbancarios.com.br\/site\/wp-content\/uploads\/2024\/06\/federacao-conferencia-nacional-450x253.jpeg 450w, https:\/\/sjcbancarios.com.br\/site\/wp-content\/uploads\/2024\/06\/federacao-conferencia-nacional-1024x576.jpeg 1024w, https:\/\/sjcbancarios.com.br\/site\/wp-content\/uploads\/2024\/06\/federacao-conferencia-nacional-768x432.jpeg 768w, https:\/\/sjcbancarios.com.br\/site\/wp-content\/uploads\/2024\/06\/federacao-conferencia-nacional-24x14.jpeg 24w, https:\/\/sjcbancarios.com.br\/site\/wp-content\/uploads\/2024\/06\/federacao-conferencia-nacional-36x20.jpeg 36w, https:\/\/sjcbancarios.com.br\/site\/wp-content\/uploads\/2024\/06\/federacao-conferencia-nacional-48x27.jpeg 48w, https:\/\/sjcbancarios.com.br\/site\/wp-content\/uploads\/2024\/06\/federacao-conferencia-nacional.jpeg 1280w\" sizes=\"(max-width: 450px) 100vw, 450px\" \/>\u00a0\u00a0<\/p>\n<p style=\"text-align: justify;\"><span style=\"font-family: arial, helvetica, sans-serif;\"><strong>Eixos da Campanha<\/strong><\/span><br \/>\n<span style=\"font-family: arial, helvetica, sans-serif;\">Foi aprovado que a Campanha ter\u00e1 como eixos:<\/span><\/p>\n<p style=\"text-align: justify;\"><span style=\"font-family: arial, helvetica, sans-serif;\">Aumento real e amplia\u00e7\u00e3o de direitos;<\/span><br \/>\n<span style=\"font-family: arial, helvetica, sans-serif;\">Fim do ass\u00e9dio e dos Instrumentos Adoecedores na Cobran\u00e7a de Metas;<\/span><br \/>\n<span style=\"font-family: arial, helvetica, sans-serif;\">Representa\u00e7\u00e3o de todos os Trabalhadores do Ramo Financeiro;<\/span><br \/>\n<span style=\"font-family: arial, helvetica, sans-serif;\">Defesa dos empregos, impactos dos avan\u00e7os tecnol\u00f3gicos no trabalho banc\u00e1rio;<\/span><br \/>\n<span style=\"font-family: arial, helvetica, sans-serif;\">Redu\u00e7\u00e3o da taxa de juros para induzir o crescimento econ\u00f4mico e gera\u00e7\u00e3o de emprego e renda;<\/span><br \/>\n<span style=\"font-family: arial, helvetica, sans-serif;\">Reforma tribut\u00e1ria: tributar os super ricos e ampliar a isen\u00e7\u00e3o do IR na PLR;<\/span><br \/>\n<span style=\"font-family: arial, helvetica, sans-serif;\">Fortalecimento das entidades sindicais e da negocia\u00e7\u00e3o coletiva;<\/span><br \/>\n<span style=\"font-family: arial, helvetica, sans-serif;\">Amplia\u00e7\u00e3o da sindicaliza\u00e7\u00e3o;<\/span><br \/>\n<span style=\"font-family: arial, helvetica, sans-serif;\">Fortalecer o debate da import\u00e2ncia das elei\u00e7\u00f5es de 2024 para a Classe Trabalhadora na defesa de seus direitos e da Democracia, eleger candidatos e candidatas que tenham compromisso com esta pauta.<\/span><br \/>\n<span style=\"font-family: arial, helvetica, sans-serif;\"><strong>Mo\u00e7\u00e3o &#8211;\u00a0<\/strong>Houve ainda a aprova\u00e7\u00e3o de uma mo\u00e7\u00e3o pelo fim do genoc\u00eddio cometido contra o povo palestino.<\/span><\/p>\n<p>&nbsp;<\/p>\n<p style=\"text-align: justify;\"><span style=\"font-family: arial, helvetica, sans-serif;\"><strong>Consulta Nacional<\/strong><\/span><br \/>\n<span style=\"font-family: arial, helvetica, sans-serif;\">Como em toda a Campanha dos Banc\u00e1rios, o debate e a constru\u00e7\u00e3o da pauta de reivindica\u00e7\u00f5es toma como refer\u00eancia os dados coletados na Consulta Nacional \u00e0 categoria. Os dados da consulta foram tabulados e apresentados na Confer\u00eancia Nacional.<\/span><\/p>\n<p style=\"text-align: justify;\"><span style=\"font-family: arial, helvetica, sans-serif;\">Este ano, foram ouvidos 46.824 banc\u00e1rios e banc\u00e1rias de norte a sul do pa\u00eds, entre 17 de abril a 2 de junho, um n\u00famero expressivo de participantes. A maioria das quest\u00f5es do formul\u00e1rio era de m\u00faltipla escolha, com possibilidade de apontar at\u00e9 tr\u00eas delas.<\/span><\/p>\n<p style=\"text-align: justify;\"><span style=\"font-family: arial, helvetica, sans-serif;\">Para as cl\u00e1usulas econ\u00f4micas, as tr\u00eas principais prioridades apontadas foram: aumento real nos sal\u00e1rios (93%), aumento na PLR (63%) e aumentos nos VA e VR (51%).<\/span><\/p>\n<p style=\"text-align: justify;\"><span style=\"font-family: arial, helvetica, sans-serif;\">J\u00e1 para as cl\u00e1usulas sociais, as tr\u00eas maiores prioridades foram: a manuten\u00e7\u00e3o dos direitos (70%), do emprego (49%) e o combate ao ass\u00e9dio moral (45%). O percentual dos que apontaram o ass\u00e9dio aumentou em rela\u00e7\u00e3o \u00e0 consulta do ano passado: em 2023, foram 31%. Esse ponto mereceu destaque durante a apresenta\u00e7\u00e3o dos dados e foi frisado como um sinal de alerta de que a luta contra o ass\u00e9dio moral, h\u00e1 anos travada pelo movimento sindical, \u00e9 cada vez mais entendida como importante para a categoria.<\/span><\/p>\n<p style=\"text-align: justify;\"><span style=\"font-family: arial, helvetica, sans-serif;\"><strong>Sa\u00fade<\/strong><\/span><\/p>\n<p style=\"text-align: justify;\"><span style=\"font-family: arial, helvetica, sans-serif;\">Ao responderem sobre os impactos da cobran\u00e7a excessiva de metas, os banc\u00e1rios e banc\u00e1rias apontaram que as tr\u00eas principais eram: preocupa\u00e7\u00e3o constante com o trabalho (67%), cansa\u00e7o e fadiga constantes (60%) e des\u00e2nimo e vontade de n\u00e3o ir trabalhar (53%).<\/span><\/p>\n<p style=\"text-align: justify;\"><span style=\"font-family: arial, helvetica, sans-serif;\">Foi perguntado se o banc\u00e1rio ou banc\u00e1ria havia usado rem\u00e9dios controlados (antidepressivos, ansiol\u00edticos, estimulantes) nos \u00faltimos 12 meses e 39% responderam que sim, um percentual bastante alto, consequ\u00eancia do fato de os banc\u00e1rios serem uma das categorias que mais adoecem psiquicamente.<\/span><\/p>\n<p style=\"text-align: justify;\"><span style=\"font-family: arial, helvetica, sans-serif;\">Outro dado importante da consulta foi sobre ass\u00e9dio sexual: 33,4% responderam j\u00e1 ter sofrido ou presenciado algum caso de ass\u00e9dio sexual em seu local de trabalho, ou seja, 1\/3 dos participantes, o que demonstra o empenho acertado do movimento sindical ao discutir o problema na mesa com a Fenaban, com avan\u00e7os j\u00e1 na CCT.<\/span><\/p>\n<p style=\"text-align: justify;\"><span style=\"font-family: arial, helvetica, sans-serif;\">Quando questionados sobre quais medidas deveriam ser adotadas para um ambiente \u00e9tico, cooperativo e respeitoso nos bancos, os participantes apontaram como as tr\u00eas principais: a defini\u00e7\u00e3o das metas levando em considera\u00e7\u00e3o porte, regi\u00e3o, perfil de clientes e n\u00famero de empregados na unidade (51%); que as metas deveriam ser readequadas em caso de redu\u00e7\u00e3o de funcion\u00e1rios (46%); e a maior participa\u00e7\u00e3o dos banc\u00e1rios na defini\u00e7\u00e3o das metas e dos mecanismos de sua aferi\u00e7\u00e3o (38%).<\/span><\/p>\n<p style=\"text-align: justify;\"><span style=\"font-family: arial, helvetica, sans-serif;\"><strong>Endividamento<\/strong><\/span><\/p>\n<p style=\"text-align: justify;\"><span style=\"font-family: arial, helvetica, sans-serif;\">A consulta deste ano incluiu quest\u00f5es sobre o endividamento da categoria e 71% disseram ter d\u00edvidas, um percentual alto e que se aproxima do percentual de endividamento das fam\u00edlias brasileiras (78,8% segundo pesquisa feita pela Confedera\u00e7\u00e3o Nacional do Com\u00e9rcio).<\/span><\/p>\n<p style=\"text-align: justify;\"><span style=\"font-family: arial, helvetica, sans-serif;\"><strong>Luta<\/strong><\/span><\/p>\n<p style=\"text-align: justify;\"><span style=\"font-family: arial, helvetica, sans-serif;\">Sobre o financiamento da luta para manuten\u00e7\u00e3o e conquistas de direitos, 92,4% acredita que deve ser responsabilidade de todos os banc\u00e1rios, pois todos se beneficiam das conquistas. Apenas 6,8% acreditam que somente s\u00f3cios dos sindicatos devem financiar a luta.<\/span><\/p>\n<p style=\"text-align: justify;\"><span style=\"font-family: arial, helvetica, sans-serif;\">A Consulta tamb\u00e9m questionou a forma preferida de participa\u00e7\u00e3o nas assembleias: a grande maioria (87%) prefere participar por meio virtual\/remoto, com vota\u00e7\u00e3o por plataformas digitais na internet; apenas 12% prefere participar preferencialmente.<\/span><\/p>\n<p style=\"text-align: justify;\"><span style=\"font-family: arial, helvetica, sans-serif;\"><strong>Reforma tribut\u00e1ria e elei\u00e7\u00f5es<\/strong><\/span><\/p>\n<p style=\"text-align: justify;\"><span style=\"font-family: arial, helvetica, sans-serif;\">A categoria foi convidada a avaliar o grau de import\u00e2ncia de alguns pontos referentes \u00e0 reforma tribut\u00e1ria e avaliou como:\u00a0<\/span><\/p>\n<p style=\"text-align: justify;\"><span style=\"font-family: arial, helvetica, sans-serif;\">Muito importante (85%) e importante (11%) a amplia\u00e7\u00e3o da faixa de isen\u00e7\u00e3o do imposto de renda (IR) na PLR. Para apenas 2% \u00e9 pouco importante e para 1% n\u00e3o tem import\u00e2ncia;<\/span><br \/>\n<span style=\"font-family: arial, helvetica, sans-serif;\">Muito importante (74%) e importante (19%) a isen\u00e7\u00e3o do IR para quem recebe sal\u00e1rio de at\u00e9 R$ 5 mil. Pouco importante para 4% e para 2% n\u00e3o tem import\u00e2ncia;<\/span><br \/>\n<span style=\"font-family: arial, helvetica, sans-serif;\">Muito importante (69%) e importante (16%) a cobran\u00e7a do imposto sobre grandes fortunas (pessoas f\u00edsicas com riqueza acima de R$ 10 milh\u00f5es). Para 8% \u00e9 pouco importante e para 7% n\u00e3o tem import\u00e2ncia.<\/span><br \/>\n<span style=\"font-family: arial, helvetica, sans-serif;\">Com rela\u00e7\u00e3o \u00e0s elei\u00e7\u00f5es municipais, 74% avaliam como muito importante eleger candidatas e candidatos comprometidos com as pautas dos trabalhadores para as prefeituras e c\u00e2maras municipais e 18% avaliam como importante. Apenas 4% avaliam como pouco importante e outros 4% avaliam que n\u00e3o tem import\u00e2ncia.<\/span><\/p>\n<p style=\"text-align: justify;\"><span style=\"font-family: arial, helvetica, sans-serif;\">Fonte: Federa\u00e7\u00e3o dos banc\u00e1rios de SPMS\u00a0<\/span><\/p>\n","protected":false},"excerpt":{"rendered":"<p class=\"excerpt\">Banc\u00e1rios votam e aprovam a pauta de reivindica\u00e7\u00f5es da categoria.\u00a0Assembleia, dia 13 de junho de 2024, das 19:00 horas at\u00e9 \u00e0s 23:59 horas ASSEMBLEIA VOTE AQUI! Leia as minutas na \u00edntegra Banc\u00e1rios de todo o pa\u00eds, reunidos na capital paulista, aprovaram, no ultimo domingo 9, a pauta de reivindica\u00e7\u00f5es da categoria, que ser\u00e1 entregue \u00e0 [&hellip;]<\/p>\n","protected":false},"author":2,"featured_media":17201,"comment_status":"closed","ping_status":"closed","sticky":false,"template":"","format":"standard","meta":{"_et_pb_use_builder":"","_et_pb_old_content":"","_et_gb_content_width":"","footnotes":""},"categories":[13],"tags":[],"class_list":["post-17196","post","type-post","status-publish","format-standard","has-post-thumbnail","hentry","category-noticias"],"_links":{"self":[{"href":"https:\/\/sjcbancarios.com.br\/site\/wp-json\/wp\/v2\/posts\/17196","targetHints":{"allow":["GET"]}}],"collection":[{"href":"https:\/\/sjcbancarios.com.br\/site\/wp-json\/wp\/v2\/posts"}],"about":[{"href":"https:\/\/sjcbancarios.com.br\/site\/wp-json\/wp\/v2\/types\/post"}],"author":[{"embeddable":true,"href":"https:\/\/sjcbancarios.com.br\/site\/wp-json\/wp\/v2\/users\/2"}],"replies":[{"embeddable":true,"href":"https:\/\/sjcbancarios.com.br\/site\/wp-json\/wp\/v2\/comments?post=17196"}],"version-history":[{"count":0,"href":"https:\/\/sjcbancarios.com.br\/site\/wp-json\/wp\/v2\/posts\/17196\/revisions"}],"wp:featuredmedia":[{"embeddable":true,"href":"https:\/\/sjcbancarios.com.br\/site\/wp-json\/wp\/v2\/media\/17201"}],"wp:attachment":[{"href":"https:\/\/sjcbancarios.com.br\/site\/wp-json\/wp\/v2\/media?parent=17196"}],"wp:term":[{"taxonomy":"category","embeddable":true,"href":"https:\/\/sjcbancarios.com.br\/site\/wp-json\/wp\/v2\/categories?post=17196"},{"taxonomy":"post_tag","embeddable":true,"href":"https:\/\/sjcbancarios.com.br\/site\/wp-json\/wp\/v2\/tags?post=17196"}],"curies":[{"name":"wp","href":"https:\/\/api.w.org\/{rel}","templated":true}]}}