{"id":17166,"date":"2024-06-05T11:38:20","date_gmt":"2024-06-05T14:38:20","guid":{"rendered":"https:\/\/sjcbancarios.com.br\/site\/?p=17166"},"modified":"2024-06-17T10:56:35","modified_gmt":"2024-06-17T13:56:35","slug":"feeb-sp-ms-participa-da-abertura-dos-congressos-dos-bancos-publicos","status":"publish","type":"post","link":"https:\/\/sjcbancarios.com.br\/site\/noticias\/feeb-sp-ms-participa-da-abertura-dos-congressos-dos-bancos-publicos\/","title":{"rendered":"Feeb SP\/MS participa da abertura dos Congressos dos Bancos P\u00fablicos."},"content":{"rendered":"<p style=\"text-align: justify;\"><span style=\"font-family: arial, helvetica, sans-serif;\"><em>Congressos v\u00e3o discutir papel dos bancos para a sociedade.<\/em><\/span><\/p>\n<p style=\"text-align: justify;\"><span style=\"font-family: arial, helvetica, sans-serif;\">Solu\u00e7\u00f5es para problemas que afetam banc\u00e1rios da Caixa e do BB tamb\u00e9m ser\u00e3o temas dos debates<\/span><br \/>\n<span style=\"font-family: arial, helvetica, sans-serif;\">\u201cJuntos avan\u00e7amos nas conquistas\u201d. Com este lema, foram declarados abertos o 39\u00ba Congresso Nacional dos Empregados da Caixa Econ\u00f4mica Federal (Conecef), o 34\u00ba Congresso Nacional dos Funcion\u00e1rios do Banco do Brasil, o 3\u00ba Congresso Nacional dos Funcion\u00e1rios do BNDES, o 16\u00ba Congresso dos Funcion\u00e1rios do Banco da Amaz\u00f4nia e o 29\u00ba Congresso Nacional dos Funcion\u00e1rios do Banco do Nordeste do Brasil, na noite desta ter\u00e7a-feira (4), em S\u00e3o Paulo.<\/span><\/p>\n<p><img loading=\"lazy\" decoding=\"async\" class=\"alignnone size-medium wp-image-17170\" src=\"https:\/\/sjcbancarios.com.br\/site\/wp-content\/uploads\/2024\/06\/abertura-congresso-bancos-publicos-450x273.jpeg\" alt=\"\" width=\"450\" height=\"273\" srcset=\"https:\/\/sjcbancarios.com.br\/site\/wp-content\/uploads\/2024\/06\/abertura-congresso-bancos-publicos-450x273.jpeg 450w, https:\/\/sjcbancarios.com.br\/site\/wp-content\/uploads\/2024\/06\/abertura-congresso-bancos-publicos-24x15.jpeg 24w, https:\/\/sjcbancarios.com.br\/site\/wp-content\/uploads\/2024\/06\/abertura-congresso-bancos-publicos-36x22.jpeg 36w, https:\/\/sjcbancarios.com.br\/site\/wp-content\/uploads\/2024\/06\/abertura-congresso-bancos-publicos-48x29.jpeg 48w, https:\/\/sjcbancarios.com.br\/site\/wp-content\/uploads\/2024\/06\/abertura-congresso-bancos-publicos.jpeg 750w\" sizes=\"(max-width: 450px) 100vw, 450px\" \/><\/p>\n<p style=\"text-align: justify;\"><span style=\"font-family: arial, helvetica, sans-serif;\">\u201cN\u00e3o estamos aqui somente discutindo uma campanha salarial, uma campanha nacional, mas tamb\u00e9m discutindo o papel e a import\u00e2ncia dos bancos p\u00fablicos, do Banco do Brasil, da Caixa, Banco do Nordeste, BASA, BNDES, Banrisul, Banpara, BRB, Banese, Banest, discutindo ferramentas que podem mudar a vida das pessoas para melhor\u201d, garantiu Juvandia Moreira, presidenta da Confedera\u00e7\u00e3o Nacional dos Trabalhadores do Ramo Financeiro (Contraf-CUT) e coordenadora do Comando Nacional dos Banc\u00e1rios, ao reafirmar o papel dos bancos p\u00fablicos para o desenvolvimento econ\u00f4mico, com gera\u00e7\u00e3o de emprego e renda e redu\u00e7\u00e3o das desigualdades regionais. \u201cAs desigualdades que vemos na capital paulista, est\u00e1 tamb\u00e9m presente em todas as capitais do pa\u00eds e do mundo. E essa desigualdade cresceu por causa do capitalismo financeiro\u201d, refor\u00e7ou.<\/span><\/p>\n<p style=\"text-align: justify;\"><span style=\"font-family: arial, helvetica, sans-serif;\">Diante do in\u00edcio dos congressos dos bancos p\u00fablicos e, em seguida, da Confer\u00eancia Nacional, a presidenta da Contraf observou que todos e todas ir\u00e3o enfrentar uma s\u00e9rie de debates e diverg\u00eancias de pensamentos. \u201cEssa diversidade faz parte, ali\u00e1s, \u00e9 a nossa riqueza. N\u00e3o podemos perder de vista isso. Mas precisamos sair daqui unidos, para defender os bancos p\u00fablicos, defender a democracia, o combate \u00e0s desigualdades e o meio ambiente e, aqui, prestamos solidariedade aos nossos companheiros do Rio Grande do Sul\u201d, completou.<\/span><\/p>\n<p style=\"text-align: justify;\"><span style=\"font-family: arial, helvetica, sans-serif;\"><strong>Unidade e Defesa da Democracia marcam o discurso do presidente da Feeb SP\/MS, David Zaia<\/strong><\/span><\/p>\n<p style=\"text-align: justify;\"><span style=\"font-family: arial, helvetica, sans-serif;\">A Federa\u00e7\u00e3o dos Banc\u00e1rios dos Estados de S\u00e3o Paulo e Mato Grosso do Sul (Feeb SP\/MS) foi representada na abertura dos Congressos dos Bancos P\u00fablicos pelo presidente David Zaia. Durante seu discurso, Zaia enfatizou a import\u00e2ncia da unidade e da defesa da democracia. \u201cNosso desafio \u00e9 sair daqui com delibera\u00e7\u00f5es claras que permitam aprofundar a unidade da categoria\u201d, afirmou. Ele enfatizou que, embora existam diverg\u00eancias pol\u00edticas, a democracia \u00e9 o ponto central que une todos. \u201cA democracia \u00e9 o primeiro ponto que nos une a todos, e a defesa da democracia \u00e9 essencial\u201d, discursou.<\/span><\/p>\n<p style=\"text-align: justify;\"><span style=\"font-family: arial, helvetica, sans-serif;\">O presidente tamb\u00e9m ressaltou a import\u00e2ncia de uma ampla articula\u00e7\u00e3o pol\u00edtica e da uni\u00e3o de todos que t\u00eam compromisso com a democracia, independentemente de suas posi\u00e7\u00f5es pol\u00edticas. \u201cTemos que ampliar a luta, ampliar a articula\u00e7\u00e3o pol\u00edtica, juntar todos aqueles que t\u00eam compromisso com a democracia\u201d, disse Zaia.<\/span><\/p>\n<p style=\"text-align: justify;\"><span style=\"font-family: arial, helvetica, sans-serif;\">Al\u00e9m de defender a democracia, o congresso visa discutir a pauta de reivindica\u00e7\u00f5es dos banc\u00e1rios, com foco na defesa dos bancos p\u00fablicos e na elabora\u00e7\u00e3o de uma minuta que mobilize a categoria para uma grande campanha salarial. \u201cNossa grande tarefa aqui \u00e9 unir e apontar para o pa\u00eds que defendemos a democracia como o melhor espa\u00e7o para construir nossos direitos e o pa\u00eds que queremos\u201d, concluiu.<\/span><\/p>\n<p style=\"text-align: justify;\"><span style=\"font-family: arial, helvetica, sans-serif;\">Fonte: Contraf com edi\u00e7\u00e3o Feeb SP\/MS<\/span><\/p>\n<p style=\"text-align: justify;\"><span style=\"font-family: arial, helvetica, sans-serif;\">Fotos: Colabora\u00e7\u00e3o Paulo Flores<\/span><\/p>\n","protected":false},"excerpt":{"rendered":"<p class=\"excerpt\">Congressos v\u00e3o discutir papel dos bancos para a sociedade. Solu\u00e7\u00f5es para problemas que afetam banc\u00e1rios da Caixa e do BB tamb\u00e9m ser\u00e3o temas dos debates \u201cJuntos avan\u00e7amos nas conquistas\u201d. Com este lema, foram declarados abertos o 39\u00ba Congresso Nacional dos Empregados da Caixa Econ\u00f4mica Federal (Conecef), o 34\u00ba Congresso Nacional dos Funcion\u00e1rios do Banco do [&hellip;]<\/p>\n","protected":false},"author":2,"featured_media":17167,"comment_status":"closed","ping_status":"closed","sticky":false,"template":"","format":"standard","meta":{"_et_pb_use_builder":"","_et_pb_old_content":"","_et_gb_content_width":"","footnotes":""},"categories":[13],"tags":[],"class_list":["post-17166","post","type-post","status-publish","format-standard","has-post-thumbnail","hentry","category-noticias"],"_links":{"self":[{"href":"https:\/\/sjcbancarios.com.br\/site\/wp-json\/wp\/v2\/posts\/17166","targetHints":{"allow":["GET"]}}],"collection":[{"href":"https:\/\/sjcbancarios.com.br\/site\/wp-json\/wp\/v2\/posts"}],"about":[{"href":"https:\/\/sjcbancarios.com.br\/site\/wp-json\/wp\/v2\/types\/post"}],"author":[{"embeddable":true,"href":"https:\/\/sjcbancarios.com.br\/site\/wp-json\/wp\/v2\/users\/2"}],"replies":[{"embeddable":true,"href":"https:\/\/sjcbancarios.com.br\/site\/wp-json\/wp\/v2\/comments?post=17166"}],"version-history":[{"count":0,"href":"https:\/\/sjcbancarios.com.br\/site\/wp-json\/wp\/v2\/posts\/17166\/revisions"}],"wp:featuredmedia":[{"embeddable":true,"href":"https:\/\/sjcbancarios.com.br\/site\/wp-json\/wp\/v2\/media\/17167"}],"wp:attachment":[{"href":"https:\/\/sjcbancarios.com.br\/site\/wp-json\/wp\/v2\/media?parent=17166"}],"wp:term":[{"taxonomy":"category","embeddable":true,"href":"https:\/\/sjcbancarios.com.br\/site\/wp-json\/wp\/v2\/categories?post=17166"},{"taxonomy":"post_tag","embeddable":true,"href":"https:\/\/sjcbancarios.com.br\/site\/wp-json\/wp\/v2\/tags?post=17166"}],"curies":[{"name":"wp","href":"https:\/\/api.w.org\/{rel}","templated":true}]}}