{"id":17154,"date":"2024-05-22T11:24:16","date_gmt":"2024-05-22T14:24:16","guid":{"rendered":"https:\/\/sjcbancarios.com.br\/site\/?p=17154"},"modified":"2024-06-17T10:55:01","modified_gmt":"2024-06-17T13:55:01","slug":"bancarios-protestam-em-brasilia-em-defesa-dos-direitos-dos-trabalhadores","status":"publish","type":"post","link":"https:\/\/sjcbancarios.com.br\/site\/noticias\/bancarios-protestam-em-brasilia-em-defesa-dos-direitos-dos-trabalhadores\/","title":{"rendered":"Banc\u00e1rios protestam em Bras\u00edlia em defesa dos direitos dos trabalhadores."},"content":{"rendered":"<p style=\"text-align: justify;\"><span style=\"font-family: arial, helvetica, sans-serif;\">Banc\u00e1rios e banc\u00e1rias est\u00e3o em Bras\u00edlia, junto a outras categorias, para defender a pauta de interesse da classe trabalhadora que inclui emprego decente, menos impostos, juros mais baixos, educa\u00e7\u00e3o de qualidade, defesa do meio-ambiente, entre outras.<\/span><\/p>\n<p style=\"text-align: justify;\"><span style=\"font-family: arial, helvetica, sans-serif;\">A plen\u00e1ria unit\u00e1ria, como \u00e9 est\u00e1 sendo chamado o ato realizado nesta quarta-feira 22, foi convocado pelas centrais sindicais.<\/span><\/p>\n<p style=\"text-align: justify;\"><span style=\"font-family: arial, helvetica, sans-serif;\">O objetivo \u00e9 atualizar a pauta da classe trabalhadora e leva-la ao Legislativo, Judici\u00e1rio e minist\u00e9rios do Governo Federal, a fim de abrir di\u00e1logo e criar uma agenda permanente de mobiliza\u00e7\u00e3o contra ataques aos projetos dos trabalhadores que j\u00e1 est\u00e3o em tramita\u00e7\u00e3o no Congresso Nacional.<\/span><\/p>\n<p style=\"text-align: justify;\"><span style=\"font-family: arial, helvetica, sans-serif;\">Fonte: Contraf<\/span><\/p>\n","protected":false},"excerpt":{"rendered":"<p class=\"excerpt\">Banc\u00e1rios e banc\u00e1rias est\u00e3o em Bras\u00edlia, junto a outras categorias, para defender a pauta de interesse da classe trabalhadora que inclui emprego decente, menos impostos, juros mais baixos, educa\u00e7\u00e3o de qualidade, defesa do meio-ambiente, entre outras. A plen\u00e1ria unit\u00e1ria, como \u00e9 est\u00e1 sendo chamado o ato realizado nesta quarta-feira 22, foi convocado pelas centrais sindicais. [&hellip;]<\/p>\n","protected":false},"author":2,"featured_media":17156,"comment_status":"closed","ping_status":"closed","sticky":false,"template":"","format":"standard","meta":{"_et_pb_use_builder":"","_et_pb_old_content":"","_et_gb_content_width":"","footnotes":""},"categories":[13],"tags":[],"class_list":["post-17154","post","type-post","status-publish","format-standard","has-post-thumbnail","hentry","category-noticias"],"_links":{"self":[{"href":"https:\/\/sjcbancarios.com.br\/site\/wp-json\/wp\/v2\/posts\/17154","targetHints":{"allow":["GET"]}}],"collection":[{"href":"https:\/\/sjcbancarios.com.br\/site\/wp-json\/wp\/v2\/posts"}],"about":[{"href":"https:\/\/sjcbancarios.com.br\/site\/wp-json\/wp\/v2\/types\/post"}],"author":[{"embeddable":true,"href":"https:\/\/sjcbancarios.com.br\/site\/wp-json\/wp\/v2\/users\/2"}],"replies":[{"embeddable":true,"href":"https:\/\/sjcbancarios.com.br\/site\/wp-json\/wp\/v2\/comments?post=17154"}],"version-history":[{"count":0,"href":"https:\/\/sjcbancarios.com.br\/site\/wp-json\/wp\/v2\/posts\/17154\/revisions"}],"wp:featuredmedia":[{"embeddable":true,"href":"https:\/\/sjcbancarios.com.br\/site\/wp-json\/wp\/v2\/media\/17156"}],"wp:attachment":[{"href":"https:\/\/sjcbancarios.com.br\/site\/wp-json\/wp\/v2\/media?parent=17154"}],"wp:term":[{"taxonomy":"category","embeddable":true,"href":"https:\/\/sjcbancarios.com.br\/site\/wp-json\/wp\/v2\/categories?post=17154"},{"taxonomy":"post_tag","embeddable":true,"href":"https:\/\/sjcbancarios.com.br\/site\/wp-json\/wp\/v2\/tags?post=17154"}],"curies":[{"name":"wp","href":"https:\/\/api.w.org\/{rel}","templated":true}]}}