{"id":17144,"date":"2024-05-22T10:57:21","date_gmt":"2024-05-22T13:57:21","guid":{"rendered":"https:\/\/sjcbancarios.com.br\/site\/?p=17144"},"modified":"2024-06-17T10:54:28","modified_gmt":"2024-06-17T13:54:28","slug":"mpt-lanca-cartilha-sobre-atos-antissindicais","status":"publish","type":"post","link":"https:\/\/sjcbancarios.com.br\/site\/noticias\/mpt-lanca-cartilha-sobre-atos-antissindicais\/","title":{"rendered":"MPT lan\u00e7a cartilha sobre atos antissindicais."},"content":{"rendered":"<p style=\"text-align: justify;\"><span style=\"font-family: arial, helvetica, sans-serif;\"><em>Material traz orienta\u00e7\u00f5es de combate \u00e0s condutas antissindicais dentro de empresas e institui\u00e7\u00f5es p\u00fablicas.<\/em><\/span><\/p>\n<p style=\"text-align: justify;\"><span style=\"font-family: arial, helvetica, sans-serif;\">A cartilha \u201cAtos Antissindicais. O que fazer?\u201d, publicada pelo Minist\u00e9rio P\u00fablico do Trabalho (MPT) tem por objetivo prevenir e combater a\u00e7\u00f5es de empregadores e tomadores de servi\u00e7os, sejam da iniciativa privada, ou de empresas p\u00fablicas que visem dificultar, ou impedir a organiza\u00e7\u00e3o dos trabalhadores, o direito \u00e0 sindicaliza\u00e7\u00e3o e a negocia\u00e7\u00e3o coletiva.\u00a0<\/span><\/p>\n<p style=\"text-align: justify;\"><span style=\"font-family: arial, helvetica, sans-serif;\">\u201cA cartilha \u00e9 uma ferramenta fundamental para que trabalhadores e empregadores entendam o que s\u00e3o atos antissindicais. \u00c9 um material de grande ajuda no combate de pr\u00e1ticas irregulares cometidas pelos empregadores contra a organiza\u00e7\u00e3o dos trabalhadores nos locais de trabalho, al\u00e9m de contribuir para que os Sindicatos tenham mais liberdade de mobiliza\u00e7\u00e3o e sindicaliza\u00e7\u00e3o&#8221;, esclarece D\u00e9bora Machado, diretora do Sindicato dos banc\u00e1rios de S\u00e3o Jos\u00e9 dos Campos, que integra a coordenadoria do F\u00f3rum de Promo\u00e7\u00e3o da Liberdade Sindical da 15\u00aa Regi\u00e3o, em Campinas.\u00a0<\/span><\/p>\n<p style=\"text-align: justify;\"><span style=\"font-family: arial, helvetica, sans-serif;\">O material foi idealizado pela Coordenadoria Nacional de Promo\u00e7\u00e3o da Liberdade Sindical e do Di\u00e1logo Social (Conalis) do MPT para servir como orienta\u00e7\u00e3o na luta contra condutas antissindicais dentro de empresas e institui\u00e7\u00f5es p\u00fablicas.<\/span><\/p>\n<p style=\"text-align: justify;\"><span style=\"font-family: arial, helvetica, sans-serif;\">\u201cQueremos esclarecer conceitos; conscientizar quanto as condutas il\u00edcitas; orientar como proceder diante de uma conduta antissindical; e por fim, explicar as consequ\u00eancias desta pr\u00e1tica\u201d, afirmou a coordenadora nacional de Promo\u00e7\u00e3o da Liberdade Sindical e do Di\u00e1logo Social, Viviann Brito Mattos, em nota publicada no site do MPT.<\/span><\/p>\n<p style=\"text-align: justify;\"><span style=\"font-family: arial, helvetica, sans-serif;\">Em seu material, o MPT alerta para diversas irregularidades que podem ser cometidas pelos empregadores, como puni\u00e7\u00f5es e demiss\u00f5es de participantes de greve; bloqueio de acesso do sindicato \u00e0 sede da empresa; persegui\u00e7\u00e3o contra dirigentes sindicais; discrimina\u00e7\u00e3o com filiados; e cria\u00e7\u00e3o de obst\u00e1culos para assembleias.<\/span><\/p>\n<p style=\"text-align: justify;\"><span style=\"font-family: arial, helvetica, sans-serif;\">A cartilha tamb\u00e9m orienta sobre formas de provar as pr\u00e1ticas e informa quais as poss\u00edveis consequ\u00eancias para quem pratica tais atos.<\/span><\/p>\n<p><a href=\"https:\/\/mpt.mp.br\/pgt\/noticias\/cartilha-atos-antissindicais-conalis-1.pdf\">Leia a cartilha aqui!<\/a><\/p>\n<p>Fonte: MPT\u00a0<\/p>\n<p style=\"text-align: justify;\">\u00a0<\/p>\n<p style=\"text-align: justify;\">\u00a0<\/p>\n","protected":false},"excerpt":{"rendered":"<p class=\"excerpt\">Material traz orienta\u00e7\u00f5es de combate \u00e0s condutas antissindicais dentro de empresas e institui\u00e7\u00f5es p\u00fablicas. A cartilha \u201cAtos Antissindicais. O que fazer?\u201d, publicada pelo Minist\u00e9rio P\u00fablico do Trabalho (MPT) tem por objetivo prevenir e combater a\u00e7\u00f5es de empregadores e tomadores de servi\u00e7os, sejam da iniciativa privada, ou de empresas p\u00fablicas que visem dificultar, ou impedir a [&hellip;]<\/p>\n","protected":false},"author":2,"featured_media":17150,"comment_status":"closed","ping_status":"closed","sticky":false,"template":"","format":"standard","meta":{"_et_pb_use_builder":"","_et_pb_old_content":"","_et_gb_content_width":"","footnotes":""},"categories":[13],"tags":[],"class_list":["post-17144","post","type-post","status-publish","format-standard","has-post-thumbnail","hentry","category-noticias"],"_links":{"self":[{"href":"https:\/\/sjcbancarios.com.br\/site\/wp-json\/wp\/v2\/posts\/17144","targetHints":{"allow":["GET"]}}],"collection":[{"href":"https:\/\/sjcbancarios.com.br\/site\/wp-json\/wp\/v2\/posts"}],"about":[{"href":"https:\/\/sjcbancarios.com.br\/site\/wp-json\/wp\/v2\/types\/post"}],"author":[{"embeddable":true,"href":"https:\/\/sjcbancarios.com.br\/site\/wp-json\/wp\/v2\/users\/2"}],"replies":[{"embeddable":true,"href":"https:\/\/sjcbancarios.com.br\/site\/wp-json\/wp\/v2\/comments?post=17144"}],"version-history":[{"count":0,"href":"https:\/\/sjcbancarios.com.br\/site\/wp-json\/wp\/v2\/posts\/17144\/revisions"}],"wp:featuredmedia":[{"embeddable":true,"href":"https:\/\/sjcbancarios.com.br\/site\/wp-json\/wp\/v2\/media\/17150"}],"wp:attachment":[{"href":"https:\/\/sjcbancarios.com.br\/site\/wp-json\/wp\/v2\/media?parent=17144"}],"wp:term":[{"taxonomy":"category","embeddable":true,"href":"https:\/\/sjcbancarios.com.br\/site\/wp-json\/wp\/v2\/categories?post=17144"},{"taxonomy":"post_tag","embeddable":true,"href":"https:\/\/sjcbancarios.com.br\/site\/wp-json\/wp\/v2\/tags?post=17144"}],"curies":[{"name":"wp","href":"https:\/\/api.w.org\/{rel}","templated":true}]}}