{"id":17131,"date":"2024-05-16T12:41:05","date_gmt":"2024-05-16T15:41:05","guid":{"rendered":"https:\/\/sjcbancarios.com.br\/site\/?p=17131"},"modified":"2024-06-17T10:53:50","modified_gmt":"2024-06-17T13:53:50","slug":"sindicato-homenageia-aposentados-em-comemoracao-aos-60-anos-da-entidade","status":"publish","type":"post","link":"https:\/\/sjcbancarios.com.br\/site\/noticias\/sindicato-homenageia-aposentados-em-comemoracao-aos-60-anos-da-entidade\/","title":{"rendered":"Sindicato homenageia aposentados em comemora\u00e7\u00e3o aos 60 anos da entidade."},"content":{"rendered":"<p style=\"text-align: justify;\"><span style=\"font-family: arial, helvetica, sans-serif;\"><em>A celebra\u00e7\u00e3o aconteceu na manh\u00e3 desta quarta-feira (15), no Clube de Campo do Sindicato dos Banc\u00e1rios de S\u00e3o Jos\u00e9 dos Campos e Regi\u00e3o.<\/em><\/span><\/p>\n<p><img loading=\"lazy\" decoding=\"async\" class=\"alignnone size-medium wp-image-17132\" src=\"https:\/\/sjcbancarios.com.br\/site\/wp-content\/uploads\/2024\/05\/aposentados-60-anos-400x300.jpg\" alt=\"\" width=\"400\" height=\"300\" srcset=\"https:\/\/sjcbancarios.com.br\/site\/wp-content\/uploads\/2024\/05\/aposentados-60-anos-400x300.jpg 400w, https:\/\/sjcbancarios.com.br\/site\/wp-content\/uploads\/2024\/05\/aposentados-60-anos-1024x768.jpg 1024w, https:\/\/sjcbancarios.com.br\/site\/wp-content\/uploads\/2024\/05\/aposentados-60-anos-768x576.jpg 768w, https:\/\/sjcbancarios.com.br\/site\/wp-content\/uploads\/2024\/05\/aposentados-60-anos-24x18.jpg 24w, https:\/\/sjcbancarios.com.br\/site\/wp-content\/uploads\/2024\/05\/aposentados-60-anos-36x27.jpg 36w, https:\/\/sjcbancarios.com.br\/site\/wp-content\/uploads\/2024\/05\/aposentados-60-anos-48x36.jpg 48w, https:\/\/sjcbancarios.com.br\/site\/wp-content\/uploads\/2024\/05\/aposentados-60-anos.jpg 1280w\" sizes=\"(max-width: 400px) 100vw, 400px\" \/><\/p>\n<p style=\"text-align: justify;\"><span style=\"font-family: arial, helvetica, sans-serif;\">A manh\u00e3 desta quarta-feira (15) foi marcada por um momento especial. Para comemorar os 60 anos de exist\u00eancia do Sindicato dos Banc\u00e1rios de S\u00e3o Jos\u00e9 dos Campos e Regi\u00e3o, banc\u00e1rios aposentados foram recebidos no Clube de Campo para um delicioso caf\u00e9 da manh\u00e3.<\/span><\/p>\n<p><img loading=\"lazy\" decoding=\"async\" class=\"alignnone size-medium wp-image-17133\" src=\"https:\/\/sjcbancarios.com.br\/site\/wp-content\/uploads\/2024\/05\/aposentados-400x300.jpg\" alt=\"\" width=\"400\" height=\"300\" srcset=\"https:\/\/sjcbancarios.com.br\/site\/wp-content\/uploads\/2024\/05\/aposentados-400x300.jpg 400w, https:\/\/sjcbancarios.com.br\/site\/wp-content\/uploads\/2024\/05\/aposentados-1024x768.jpg 1024w, https:\/\/sjcbancarios.com.br\/site\/wp-content\/uploads\/2024\/05\/aposentados-768x576.jpg 768w, https:\/\/sjcbancarios.com.br\/site\/wp-content\/uploads\/2024\/05\/aposentados-24x18.jpg 24w, https:\/\/sjcbancarios.com.br\/site\/wp-content\/uploads\/2024\/05\/aposentados-36x27.jpg 36w, https:\/\/sjcbancarios.com.br\/site\/wp-content\/uploads\/2024\/05\/aposentados-48x36.jpg 48w, https:\/\/sjcbancarios.com.br\/site\/wp-content\/uploads\/2024\/05\/aposentados.jpg 1280w\" sizes=\"(max-width: 400px) 100vw, 400px\" \/><\/p>\n<p style=\"text-align: justify;\"><span style=\"font-family: arial, helvetica, sans-serif;\">Al\u00e9m dos banc\u00e1rios aposentados homenageados, prestigiaram o evento o presidente da C\u00e2mara de vereadores de S\u00e3o Jos\u00e9 dos Campos, Roberto do Eleven, a vereadora Am\u00e9lia Naomi, os companheiros do Sindicato dos Banc\u00e1rios de Guaratinguet\u00e1 Gilberto Gil T. Gon\u00e7alves e a presidente Carolina Vieira Cozza\u00a0 e Marcus Mil\u00e2nes, diretor do Sintetel.<\/span><\/p>\n<p><img loading=\"lazy\" decoding=\"async\" class=\"alignnone size-medium wp-image-17134\" src=\"https:\/\/sjcbancarios.com.br\/site\/wp-content\/uploads\/2024\/05\/comemoracao-60-anos-roberto-do-eleven-371x300.jpg\" alt=\"\" width=\"371\" height=\"300\" srcset=\"https:\/\/sjcbancarios.com.br\/site\/wp-content\/uploads\/2024\/05\/comemoracao-60-anos-roberto-do-eleven-371x300.jpg 371w, https:\/\/sjcbancarios.com.br\/site\/wp-content\/uploads\/2024\/05\/comemoracao-60-anos-roberto-do-eleven-1024x829.jpg 1024w, https:\/\/sjcbancarios.com.br\/site\/wp-content\/uploads\/2024\/05\/comemoracao-60-anos-roberto-do-eleven-768x622.jpg 768w, https:\/\/sjcbancarios.com.br\/site\/wp-content\/uploads\/2024\/05\/comemoracao-60-anos-roberto-do-eleven-24x19.jpg 24w, https:\/\/sjcbancarios.com.br\/site\/wp-content\/uploads\/2024\/05\/comemoracao-60-anos-roberto-do-eleven-36x29.jpg 36w, https:\/\/sjcbancarios.com.br\/site\/wp-content\/uploads\/2024\/05\/comemoracao-60-anos-roberto-do-eleven-48x39.jpg 48w, https:\/\/sjcbancarios.com.br\/site\/wp-content\/uploads\/2024\/05\/comemoracao-60-anos-roberto-do-eleven.jpg 1280w\" sizes=\"(max-width: 371px) 100vw, 371px\" \/><\/p>\n<p style=\"text-align: justify;\"><span style=\"font-family: arial, helvetica, sans-serif;\">Para o presidente do Sindicato, Ant\u00f4nio Marcos de Barros,\u201d homenagear os aposentados \u00e9 uma maneira de valorizar quem ajudou a construir os 60 anos de hist\u00f3ria do Sindicato, \u00e9 preciso agradecer e lembrar os que estivem sempre presente na luta antes de n\u00f3s\u201c, comentou.<\/span><\/p>\n<p><img loading=\"lazy\" decoding=\"async\" class=\"alignnone size-medium wp-image-17137\" src=\"https:\/\/sjcbancarios.com.br\/site\/wp-content\/uploads\/2024\/05\/comemoracao-60-anos-Barros-e-Itamara-400x300.jpg\" alt=\"\" width=\"400\" height=\"300\" srcset=\"https:\/\/sjcbancarios.com.br\/site\/wp-content\/uploads\/2024\/05\/comemoracao-60-anos-Barros-e-Itamara-400x300.jpg 400w, https:\/\/sjcbancarios.com.br\/site\/wp-content\/uploads\/2024\/05\/comemoracao-60-anos-Barros-e-Itamara-1024x768.jpg 1024w, https:\/\/sjcbancarios.com.br\/site\/wp-content\/uploads\/2024\/05\/comemoracao-60-anos-Barros-e-Itamara-768x576.jpg 768w, https:\/\/sjcbancarios.com.br\/site\/wp-content\/uploads\/2024\/05\/comemoracao-60-anos-Barros-e-Itamara-24x18.jpg 24w, https:\/\/sjcbancarios.com.br\/site\/wp-content\/uploads\/2024\/05\/comemoracao-60-anos-Barros-e-Itamara-36x27.jpg 36w, https:\/\/sjcbancarios.com.br\/site\/wp-content\/uploads\/2024\/05\/comemoracao-60-anos-Barros-e-Itamara-48x36.jpg 48w, https:\/\/sjcbancarios.com.br\/site\/wp-content\/uploads\/2024\/05\/comemoracao-60-anos-Barros-e-Itamara.jpg 1280w\" sizes=\"(max-width: 400px) 100vw, 400px\" \/><\/p>\n<p style=\"text-align: justify;\"><span style=\"font-family: arial, helvetica, sans-serif;\">Durante o evento o Sindicato realizou o lan\u00e7amento do \u00c1lbum Comemorativo \u201c60 anos de Lutas e Conquistas\u201d que conta um pouco da hist\u00f3ria da entidade e foi idealizado e produzido pela diretora do Sindicato, Itamara Moura, que tamb\u00e9m \u00e9 escritora. \u201c\u00c9 muito gratificante conhecer a hist\u00f3ria do Sindicato, pois em minha pesquisa pude descobrir quantas pessoas vieram antes de n\u00f3s, quanta luta foi necess\u00e1ria para garantir nossas conquistas e preservar nossos direitos. \u00c9 preciso conhecer o passado para valorizar o presente\u201d, relata a diretora. \u00a0<\/span><\/p>\n<p><img loading=\"lazy\" decoding=\"async\" class=\"alignnone size-medium wp-image-17135\" src=\"https:\/\/sjcbancarios.com.br\/site\/wp-content\/uploads\/2024\/05\/itamara-com-album-comemorativo-216x300.jpg\" alt=\"\" width=\"216\" height=\"300\" srcset=\"https:\/\/sjcbancarios.com.br\/site\/wp-content\/uploads\/2024\/05\/itamara-com-album-comemorativo-216x300.jpg 216w, https:\/\/sjcbancarios.com.br\/site\/wp-content\/uploads\/2024\/05\/itamara-com-album-comemorativo-737x1024.jpg 737w, https:\/\/sjcbancarios.com.br\/site\/wp-content\/uploads\/2024\/05\/itamara-com-album-comemorativo-768x1067.jpg 768w, https:\/\/sjcbancarios.com.br\/site\/wp-content\/uploads\/2024\/05\/itamara-com-album-comemorativo-720x1000.jpg 720w, https:\/\/sjcbancarios.com.br\/site\/wp-content\/uploads\/2024\/05\/itamara-com-album-comemorativo-17x24.jpg 17w, https:\/\/sjcbancarios.com.br\/site\/wp-content\/uploads\/2024\/05\/itamara-com-album-comemorativo-26x36.jpg 26w, https:\/\/sjcbancarios.com.br\/site\/wp-content\/uploads\/2024\/05\/itamara-com-album-comemorativo-35x48.jpg 35w, https:\/\/sjcbancarios.com.br\/site\/wp-content\/uploads\/2024\/05\/itamara-com-album-comemorativo.jpg 864w\" sizes=\"(max-width: 216px) 100vw, 216px\" \/><img loading=\"lazy\" decoding=\"async\" class=\"alignnone size-medium wp-image-17136\" src=\"https:\/\/sjcbancarios.com.br\/site\/wp-content\/uploads\/2024\/05\/album-comemorativo-400x300.jpg\" alt=\"\" width=\"400\" height=\"300\" srcset=\"https:\/\/sjcbancarios.com.br\/site\/wp-content\/uploads\/2024\/05\/album-comemorativo-400x300.jpg 400w, https:\/\/sjcbancarios.com.br\/site\/wp-content\/uploads\/2024\/05\/album-comemorativo-1024x768.jpg 1024w, https:\/\/sjcbancarios.com.br\/site\/wp-content\/uploads\/2024\/05\/album-comemorativo-768x576.jpg 768w, https:\/\/sjcbancarios.com.br\/site\/wp-content\/uploads\/2024\/05\/album-comemorativo-24x18.jpg 24w, https:\/\/sjcbancarios.com.br\/site\/wp-content\/uploads\/2024\/05\/album-comemorativo-36x27.jpg 36w, https:\/\/sjcbancarios.com.br\/site\/wp-content\/uploads\/2024\/05\/album-comemorativo-48x36.jpg 48w, https:\/\/sjcbancarios.com.br\/site\/wp-content\/uploads\/2024\/05\/album-comemorativo.jpg 1280w\" sizes=\"(max-width: 400px) 100vw, 400px\" \/><\/p>\n<p><span style=\"font-family: arial, helvetica, sans-serif;\">Escrito por Diretoria de Imprensa Seeb SJCampos e Regi\u00e3o.<\/span><\/p>\n","protected":false},"excerpt":{"rendered":"<p class=\"excerpt\">A celebra\u00e7\u00e3o aconteceu na manh\u00e3 desta quarta-feira (15), no Clube de Campo do Sindicato dos Banc\u00e1rios de S\u00e3o Jos\u00e9 dos Campos e Regi\u00e3o. A manh\u00e3 desta quarta-feira (15) foi marcada por um momento especial. Para comemorar os 60 anos de exist\u00eancia do Sindicato dos Banc\u00e1rios de S\u00e3o Jos\u00e9 dos Campos e Regi\u00e3o, banc\u00e1rios aposentados foram [&hellip;]<\/p>\n","protected":false},"author":2,"featured_media":17138,"comment_status":"closed","ping_status":"closed","sticky":false,"template":"","format":"standard","meta":{"_et_pb_use_builder":"","_et_pb_old_content":"","_et_gb_content_width":"","footnotes":""},"categories":[13],"tags":[],"class_list":["post-17131","post","type-post","status-publish","format-standard","has-post-thumbnail","hentry","category-noticias"],"_links":{"self":[{"href":"https:\/\/sjcbancarios.com.br\/site\/wp-json\/wp\/v2\/posts\/17131","targetHints":{"allow":["GET"]}}],"collection":[{"href":"https:\/\/sjcbancarios.com.br\/site\/wp-json\/wp\/v2\/posts"}],"about":[{"href":"https:\/\/sjcbancarios.com.br\/site\/wp-json\/wp\/v2\/types\/post"}],"author":[{"embeddable":true,"href":"https:\/\/sjcbancarios.com.br\/site\/wp-json\/wp\/v2\/users\/2"}],"replies":[{"embeddable":true,"href":"https:\/\/sjcbancarios.com.br\/site\/wp-json\/wp\/v2\/comments?post=17131"}],"version-history":[{"count":0,"href":"https:\/\/sjcbancarios.com.br\/site\/wp-json\/wp\/v2\/posts\/17131\/revisions"}],"wp:featuredmedia":[{"embeddable":true,"href":"https:\/\/sjcbancarios.com.br\/site\/wp-json\/wp\/v2\/media\/17138"}],"wp:attachment":[{"href":"https:\/\/sjcbancarios.com.br\/site\/wp-json\/wp\/v2\/media?parent=17131"}],"wp:term":[{"taxonomy":"category","embeddable":true,"href":"https:\/\/sjcbancarios.com.br\/site\/wp-json\/wp\/v2\/categories?post=17131"},{"taxonomy":"post_tag","embeddable":true,"href":"https:\/\/sjcbancarios.com.br\/site\/wp-json\/wp\/v2\/tags?post=17131"}],"curies":[{"name":"wp","href":"https:\/\/api.w.org\/{rel}","templated":true}]}}