{"id":17122,"date":"2024-05-10T10:55:56","date_gmt":"2024-05-10T13:55:56","guid":{"rendered":"https:\/\/sjcbancarios.com.br\/site\/?p=17122"},"modified":"2024-05-29T10:47:03","modified_gmt":"2024-05-29T13:47:03","slug":"bc-desacelera-queda-da-selic-que-vai-a-1050-e-aprofunda-carga-pesada-de-juros-sobre-governo-e-populacao","status":"publish","type":"post","link":"https:\/\/sjcbancarios.com.br\/site\/noticias\/bc-desacelera-queda-da-selic-que-vai-a-1050-e-aprofunda-carga-pesada-de-juros-sobre-governo-e-populacao\/","title":{"rendered":"BC desacelera queda da Selic, que vai a 10,50%, e aprofunda carga pesada de juros sobre governo e popula\u00e7\u00e3o."},"content":{"rendered":"<div class=\"topo\">\n<div class=\"container\">\n<div class=\"row\">\n<div class=\"col-12\">\n<div class=\"conteudo-topo\">\u00a0<\/div>\n<\/div>\n<\/div>\n<\/div>\n<\/div>\n<div class=\"post\">\n<div class=\"container\">\n<div class=\"row\">\n<div class=\"col-lg-6 col-12 offset-lg-3\">\n<div class=\"imagem-destaque\">\n<p style=\"text-align: justify;\"><span style=\"font-family: arial, helvetica, sans-serif;\"><em>Com a decis\u00e3o, entidade monet\u00e1ria altera ciclo de cortes de 0,50 a cada reuni\u00e3o do Copom, iniciado em agosto de 2023.<\/em><\/span><\/p>\n<p style=\"text-align: justify;\"><span style=\"font-family: arial, helvetica, sans-serif;\">Foi de 10,75% para 10,50% a taxa b\u00e1sica de juros da economia brasileira (Selic). A decis\u00e3o do Comit\u00ea de Pol\u00edtica Monet\u00e1ria (Copom), do Banco Central (BC), anunciada nesta quarta-feira (8), de reduzir em apenas 0,25 ponto percentual (p.p.) o \u00edndice, confirma a mudan\u00e7a no ritmo de cortes que a entidade monet\u00e1ria implementou desde agosto de 2023, ap\u00f3s grande press\u00e3o do movimento sindical, setores produtivos e do governo Federal.<\/span><br \/>\n<span style=\"font-family: arial, helvetica, sans-serif;\">Outro impacto da Selic \u00e9 sobre os t\u00edtulos p\u00fablicos emitidos pelo Tesouro Nacional, por ser o principal \u00edndice usado nessas negocia\u00e7\u00f5es.<\/span><\/p>\n<p style=\"text-align: justify;\"><span style=\"font-family: arial, helvetica, sans-serif;\"><strong>Mudan\u00e7a de posi\u00e7\u00e3o do BC<\/strong><\/span><br \/>\n<span style=\"font-family: arial, helvetica, sans-serif;\">At\u00e9 cerca de duas semanas atr\u00e1s, a indica\u00e7\u00e3o feita pela entidade no relat\u00f3rio da \u00faltima reuni\u00e3o do Copom, de maio, era de que manteria o ritmo de cortes em 0,50 p.p., neste e nos pr\u00f3ximos encontros, o que significa que o Brasil poderia chegar com uma Selic de 8,5% no final do ano.<\/span><\/p>\n<p style=\"text-align: justify;\"><span style=\"font-family: arial, helvetica, sans-serif;\">Por\u00e9m, a partir de meados de abril, o presidente do Banco Central, Roberto Campos Neto, come\u00e7ou a indicar que iniciaria um movimento diferente, que poderia ser a redu\u00e7\u00e3o no ritmo de cortes, manuten\u00e7\u00e3o ou at\u00e9 aumento da Selic.<\/span><\/p>\n<p style=\"text-align: justify;\"><span style=\"font-family: arial, helvetica, sans-serif;\">As justificativas apontadas por ele foram de que o processo desinflacion\u00e1rio e da economia est\u00e3o em ritmo de desacelera\u00e7\u00e3o, e, ainda, com o mercado de trabalho \u201caquecido\u201d. Este \u00faltimo ponto, na vis\u00e3o do mandat\u00e1rio do BC, seria um problema, pois elevaria o consumo e a infla\u00e7\u00e3o.<\/span><\/p>\n<p style=\"text-align: justify;\"><span style=\"font-family: arial, helvetica, sans-serif;\">O economista do Departamento Intersindical de Estat\u00edstica e Estudos Socioecon\u00f4micos (Dieese), Gustavo Cavarzan, explicou, por outro lado, que \u201co problema \u00e9 que essa vis\u00e3o de Campos Neto ignora que a infla\u00e7\u00e3o recente da economia brasileira est\u00e1 muito mais vinculada a fatores externos, como a pol\u00edtica de pre\u00e7os de combust\u00edveis e conflitos geopol\u00edticos globais do que a um suposto aquecimento da demanda interna do pa\u00eds\u201d.<\/span><\/p>\n<p style=\"text-align: justify;\"><span style=\"font-family: arial, helvetica, sans-serif;\">Outro argumento apontado pelo presidente do BC, para a mudan\u00e7a no ciclo de cortes, foi a altera\u00e7\u00e3o dos planos do Federal Reserve (Fed), banco central norte-americano, em reduzir a taxa b\u00e1sica de juros naquele pa\u00eds.<\/span><\/p>\n<p style=\"text-align: justify;\"><span style=\"font-family: arial, helvetica, sans-serif;\">No in\u00edcio do ano, havia essa possibilidade. Mas, agora, o \u00f3rg\u00e3o de pol\u00edtica monet\u00e1ria estadunidense fala em iniciar o ciclo de cortes nas reuni\u00f5es de setembro, dezembro ou somente em 2025. Como os Estados Unidos t\u00eam economia mais forte do que o Brasil, a manuten\u00e7\u00e3o da taxa de juros b\u00e1sica por l\u00e1, que hoje est\u00e1 entre 5,25% a 5,5%, acaba sendo mais atraente para a maioria dos investidores, ainda que o Brasil tenha uma das maiores taxas do mundo.<\/span><\/p>\n<p style=\"text-align: justify;\"><span style=\"font-family: arial, helvetica, sans-serif;\">Em outras palavras, quanto maior a diferen\u00e7a de juros entre Brasil e Estados Unidos, mais atraente o investimento aqui. Da mesma forma, quanto menor o diferencial, menos atraente.<\/span><\/p>\n<p style=\"text-align: justify;\"><span style=\"font-family: arial, helvetica, sans-serif;\">\u201cPor\u00e9m, a decis\u00e3o do Copom desta quarta-feira ignora que a perspectiva de infla\u00e7\u00e3o no Brasil segue sob controle \u2013 o \u00faltimo boletim Focus indica expectativa de 3,72% para o IPCA em 2024 \u2013 e que a economia brasileira precisa de juros baixos para que o setor produtivo possa investir, gerando emprego e renda para a popula\u00e7\u00e3o\u201d, observou Cavarzan.<\/span><\/p>\n<p style=\"text-align: justify;\"><span style=\"font-family: arial, helvetica, sans-serif;\">O economista completou que a \u00faltima Pesquisa Nacional por Amostra de Domic\u00edlios (PNAD) cont\u00ednua, divulgada pelo IBGE, \u201cmostrou uma eleva\u00e7\u00e3o de 0,5 ponto percentual na taxa de desemprego no \u00faltimo trimestre, o que significa um aumento de 542 mil pessoas em busca de trabalho. Reduzir o ritmo de queda dos juros, nesse contexto, ir\u00e1 apenas engessar a atividade econ\u00f4mica brasileira, num momento em que a necessidade de interven\u00e7\u00e3o e coordena\u00e7\u00e3o do setor p\u00fablico \u00e9 urgente, ainda mais diante das trag\u00e9dias ambientais no Rio Grande do Sul. Mais uma vez o BC joga contra o pa\u00eds\u201d, finalizou o economista.<\/span><\/p>\n<p style=\"text-align: justify;\"><span style=\"font-family: arial, helvetica, sans-serif;\"><strong>Entenda<\/strong><\/span><br \/>\n<span style=\"font-family: arial, helvetica, sans-serif;\">\u2013 O Copom, entidade do BC, se re\u00fane por dois dias, a cada 45 dias, para definir a taxa b\u00e1sica de juros do pa\u00eds, chamada Selic. Neste \u00faltimo encontro, realizado entre 7 e 8 de maio, a entidade anunciou redu\u00e7\u00e3o da da taxa b\u00e1sica de juros da economia brasileira (Selic) de 10,75% para 10,50%.<\/span><\/p>\n<p style=\"text-align: justify;\"><span style=\"font-family: arial, helvetica, sans-serif;\">\u2013 Com essa decis\u00e3o, a entidade mudou o ritmo de queda de 0,50 p.p., iniciada em agosto de 2023, quando a Selic estava em 13,75%, patamar em que a taxa b\u00e1sica foi mantida durante um ano, ou seja, desde agosto de 2022.<\/span><\/p>\n<p style=\"text-align: justify;\"><span style=\"font-family: arial, helvetica, sans-serif;\">\u2013 A Selic mais alta aumenta o custo de vida do trabalhador, os empr\u00e9stimos para pessoa f\u00edsica e empresas e a d\u00edvida do Estado.<\/span><\/p>\n<p style=\"text-align: justify;\"><span style=\"font-family: arial, helvetica, sans-serif;\">\u2013 Os principais beneficiados com a Selic elevada s\u00e3o os detentores dos t\u00edtulos da d\u00edvida p\u00fablica. Atualmente, as institui\u00e7\u00f5es financeiras s\u00e3o as maiores detentoras de t\u00edtulos federais.<\/span><\/p>\n<p style=\"text-align: justify;\"><span style=\"font-family: arial, helvetica, sans-serif;\">\u2013 Diante do quadro, movimentos sociais, incluindo o movimento sindical, realizam, h\u00e1 mais de um ano, manifesta\u00e7\u00f5es e campanhas com a hashtag #JurosBaixosJ\u00e1.<\/span><\/p>\n<p style=\"text-align: justify;\"><span style=\"font-family: arial, helvetica, sans-serif;\">\u2013 No comunicado da \u00faltima reuni\u00e3o, realizada entre 19 e 20 de mar\u00e7o, quando a Selic foi reduzida de 11,25% para 10,75%, o Copom indicou que continuaria com a tend\u00eancia de corte. Mas isso mudou, a partir de meados de abril, quando o presidente da entidade, Campos Neto, passou a indicar altera\u00e7\u00e3o da pol\u00edtica monet\u00e1ria.<\/span><\/p>\n<p style=\"text-align: justify;\"><span style=\"font-family: arial, helvetica, sans-serif;\">\u2013 Os argumentos utilizados pelo Copom para manter a Selic elevada \u00e9 o risco de eleva\u00e7\u00e3o de juros no pa\u00eds, por conta do aquecimento econ\u00f4mico. Entretanto, o pa\u00eds segue registrando \u00edndices de pre\u00e7os sob controle e abaixo da meta estipulada pelo pr\u00f3prio Banco Central.<\/span><\/p>\n<p style=\"text-align: justify;\"><span style=\"font-family: arial, helvetica, sans-serif;\">\u2013 Economistas de tend\u00eancia desenvolvimentista avaliam que uma taxa b\u00e1sica de juros razo\u00e1vel deveria, pelo menos, estar no patamar de um d\u00edgito, para que o Brasil deixe de ter uma das maiores taxas de juro real (que \u00e9 o resultado da Selic menos a infla\u00e7\u00e3o) do mundo.<\/span><\/p>\n<p style=\"text-align: justify;\"><span style=\"font-family: arial, helvetica, sans-serif;\">Com informa\u00e7\u00f5es Feeb SP\/MS.<\/span><\/p>\n<\/div>\n<\/div>\n<div class=\"col-12\">\n<div class=\"elementor-element elementor-element-7f3737e elementor-widget elementor-widget-theme-post-title elementor-page-title elementor-widget-heading\" style=\"text-align: justify;\" data-id=\"7f3737e\" data-element_type=\"widget\" data-widget_type=\"theme-post-title.default\">\n<div class=\"elementor-widget-container\">\u00a0<\/div>\n<\/div>\n<div class=\"elementor-element elementor-element-194680ec elementor-widget elementor-widget-theme-post-content\" data-id=\"194680ec\" data-element_type=\"widget\" data-widget_type=\"theme-post-content.default\">\n<div class=\"elementor-widget-container\">\n<p style=\"text-align: justify;\">\u00a0<\/p>\n<\/div>\n<\/div>\n<\/div>\n<\/div>\n<\/div>\n<\/div>\n","protected":false},"excerpt":{"rendered":"<p class=\"excerpt\">\u00a0 Com a decis\u00e3o, entidade monet\u00e1ria altera ciclo de cortes de 0,50 a cada reuni\u00e3o do Copom, iniciado em agosto de 2023. Foi de 10,75% para 10,50% a taxa b\u00e1sica de juros da economia brasileira (Selic). A decis\u00e3o do Comit\u00ea de Pol\u00edtica Monet\u00e1ria (Copom), do Banco Central (BC), anunciada nesta quarta-feira (8), de reduzir em [&hellip;]<\/p>\n","protected":false},"author":2,"featured_media":12014,"comment_status":"closed","ping_status":"closed","sticky":false,"template":"","format":"standard","meta":{"_et_pb_use_builder":"","_et_pb_old_content":"","_et_gb_content_width":"","footnotes":""},"categories":[13],"tags":[],"class_list":["post-17122","post","type-post","status-publish","format-standard","has-post-thumbnail","hentry","category-noticias"],"_links":{"self":[{"href":"https:\/\/sjcbancarios.com.br\/site\/wp-json\/wp\/v2\/posts\/17122","targetHints":{"allow":["GET"]}}],"collection":[{"href":"https:\/\/sjcbancarios.com.br\/site\/wp-json\/wp\/v2\/posts"}],"about":[{"href":"https:\/\/sjcbancarios.com.br\/site\/wp-json\/wp\/v2\/types\/post"}],"author":[{"embeddable":true,"href":"https:\/\/sjcbancarios.com.br\/site\/wp-json\/wp\/v2\/users\/2"}],"replies":[{"embeddable":true,"href":"https:\/\/sjcbancarios.com.br\/site\/wp-json\/wp\/v2\/comments?post=17122"}],"version-history":[{"count":0,"href":"https:\/\/sjcbancarios.com.br\/site\/wp-json\/wp\/v2\/posts\/17122\/revisions"}],"wp:featuredmedia":[{"embeddable":true,"href":"https:\/\/sjcbancarios.com.br\/site\/wp-json\/wp\/v2\/media\/12014"}],"wp:attachment":[{"href":"https:\/\/sjcbancarios.com.br\/site\/wp-json\/wp\/v2\/media?parent=17122"}],"wp:term":[{"taxonomy":"category","embeddable":true,"href":"https:\/\/sjcbancarios.com.br\/site\/wp-json\/wp\/v2\/categories?post=17122"},{"taxonomy":"post_tag","embeddable":true,"href":"https:\/\/sjcbancarios.com.br\/site\/wp-json\/wp\/v2\/tags?post=17122"}],"curies":[{"name":"wp","href":"https:\/\/api.w.org\/{rel}","templated":true}]}}