{"id":17083,"date":"2024-04-16T11:21:28","date_gmt":"2024-04-16T14:21:28","guid":{"rendered":"https:\/\/sjcbancarios.com.br\/site\/?p=17083"},"modified":"2024-04-23T11:19:24","modified_gmt":"2024-04-23T14:19:24","slug":"bancos-iniciam-campanha-de-vacinacao-dos-funcionarios","status":"publish","type":"post","link":"https:\/\/sjcbancarios.com.br\/site\/noticias\/bancos-iniciam-campanha-de-vacinacao-dos-funcionarios\/","title":{"rendered":"Bancos iniciam campanha de vacina\u00e7\u00e3o dos funcion\u00e1rios."},"content":{"rendered":"<p style=\"text-align: justify;\"><span style=\"font-family: arial, helvetica, sans-serif;\"><em>Caixa, Ita\u00fa e BB iniciaram nesta segunda-feira, dia 15\/04, a vacina\u00e7\u00e3o de seus empregados. Imuniza\u00e7\u00e3o \u00e9 conquista da categoria banc\u00e1ria e prioriza sa\u00fade.\u00a0<\/em><\/span><\/p>\n<p style=\"text-align: justify;\"><span style=\"font-family: arial, helvetica, sans-serif;\"><strong>Caixa &#8211;\u00a0<\/strong>A Caixa divulgou o calend\u00e1rio na sexta-feira (12), por meio de comunicado interno.<\/span><\/p>\n<p style=\"text-align: justify;\"><span style=\"font-family: arial, helvetica, sans-serif;\">A abertura da campanha de imuniza\u00e7\u00e3o ocorre, inicialmente, para os trabalhadores de 10 estados (CE, DF, GO, MS, MT, PE, PR, RS, SE e SP).<\/span><\/p>\n<p style=\"text-align: justify;\"><span style=\"font-family: arial, helvetica, sans-serif;\">Segundo a Caixa, em outras sete regi\u00f5es, a data inicial ser\u00e1 22 de abril (RJ, AC, AM, AP, MA, PA e PI). A programa\u00e7\u00e3o tem ainda outras duas datas de abertura da campanha, e de acordo com os estados: 29 de abril (para BA, ES, MG, PB, RN e SC) e 6 de maio (para AL, RO, RR e TO).<\/span><\/p>\n<p style=\"text-align: justify;\"><span style=\"font-family: arial, helvetica, sans-serif;\"><strong>Ita\u00fa &#8211;<\/strong>\u00a0Tamb\u00e9m o Ita\u00fa deu in\u00edcio a sua campanha de vacina\u00e7\u00e3o contra a gripe nesta segunda-feira, 15\/04, com data de encerramento prevista para o dia 26 nos polos administrativos de S\u00e3o Paulo e no dia 30 nas ag\u00eancias\/cl\u00ednicas conveniadas.<\/span><\/p>\n<p style=\"text-align: justify;\"><span style=\"font-family: arial, helvetica, sans-serif;\">O cronograma com datas e locais das diversas \u00e1rea de neg\u00f3cio est\u00e1 sendo enviado diretamente pelo banco. Vale lembrar que a vacina\u00e7\u00e3o contra a gripe \u00e9 uma conquista da categoria banc\u00e1ria, em sua luta pela sa\u00fade dos trabalhadores.\u00a0<\/span><\/p>\n<p style=\"text-align: justify;\"><span style=\"font-family: arial, helvetica, sans-serif;\"><strong>Banco do Brasil &#8211;\u00a0<\/strong>No Banco do Brasil, a campanha \u00e9 v\u00e1lida para trabalhadores da ativa, estagi\u00e1rios e menores aprendizes, com prazo final em 30 de junho.<\/span><\/p>\n<p style=\"text-align: justify;\"><span style=\"font-family: arial, helvetica, sans-serif;\">A Caixa de Assist\u00eancia dos Funcion\u00e1rios do BB (Cassi) divulgou um calend\u00e1rio com as datas e hor\u00e1rios previstos para cada depend\u00eancia.\u00a0<\/span><\/p>\n<p style=\"text-align: justify;\"><span style=\"font-family: arial, helvetica, sans-serif;\">Fonte: Contraf<\/span><\/p>\n","protected":false},"excerpt":{"rendered":"<p class=\"excerpt\">Caixa, Ita\u00fa e BB iniciaram nesta segunda-feira, dia 15\/04, a vacina\u00e7\u00e3o de seus empregados. Imuniza\u00e7\u00e3o \u00e9 conquista da categoria banc\u00e1ria e prioriza sa\u00fade.\u00a0 Caixa &#8211;\u00a0A Caixa divulgou o calend\u00e1rio na sexta-feira (12), por meio de comunicado interno. A abertura da campanha de imuniza\u00e7\u00e3o ocorre, inicialmente, para os trabalhadores de 10 estados (CE, DF, GO, MS, [&hellip;]<\/p>\n","protected":false},"author":2,"featured_media":14344,"comment_status":"closed","ping_status":"closed","sticky":false,"template":"","format":"standard","meta":{"_et_pb_use_builder":"","_et_pb_old_content":"","_et_gb_content_width":"","footnotes":""},"categories":[13],"tags":[],"class_list":["post-17083","post","type-post","status-publish","format-standard","has-post-thumbnail","hentry","category-noticias"],"_links":{"self":[{"href":"https:\/\/sjcbancarios.com.br\/site\/wp-json\/wp\/v2\/posts\/17083","targetHints":{"allow":["GET"]}}],"collection":[{"href":"https:\/\/sjcbancarios.com.br\/site\/wp-json\/wp\/v2\/posts"}],"about":[{"href":"https:\/\/sjcbancarios.com.br\/site\/wp-json\/wp\/v2\/types\/post"}],"author":[{"embeddable":true,"href":"https:\/\/sjcbancarios.com.br\/site\/wp-json\/wp\/v2\/users\/2"}],"replies":[{"embeddable":true,"href":"https:\/\/sjcbancarios.com.br\/site\/wp-json\/wp\/v2\/comments?post=17083"}],"version-history":[{"count":0,"href":"https:\/\/sjcbancarios.com.br\/site\/wp-json\/wp\/v2\/posts\/17083\/revisions"}],"wp:featuredmedia":[{"embeddable":true,"href":"https:\/\/sjcbancarios.com.br\/site\/wp-json\/wp\/v2\/media\/14344"}],"wp:attachment":[{"href":"https:\/\/sjcbancarios.com.br\/site\/wp-json\/wp\/v2\/media?parent=17083"}],"wp:term":[{"taxonomy":"category","embeddable":true,"href":"https:\/\/sjcbancarios.com.br\/site\/wp-json\/wp\/v2\/categories?post=17083"},{"taxonomy":"post_tag","embeddable":true,"href":"https:\/\/sjcbancarios.com.br\/site\/wp-json\/wp\/v2\/tags?post=17083"}],"curies":[{"name":"wp","href":"https:\/\/api.w.org\/{rel}","templated":true}]}}