{"id":16974,"date":"2024-03-06T10:34:37","date_gmt":"2024-03-06T13:34:37","guid":{"rendered":"https:\/\/sjcbancarios.com.br\/site\/?p=16974"},"modified":"2024-04-03T10:22:50","modified_gmt":"2024-04-03T13:22:50","slug":"reestruturacao-bradesco-representantes-dos-empregados-cobram-compromisso-com-o-emprego","status":"publish","type":"post","link":"https:\/\/sjcbancarios.com.br\/site\/noticias\/reestruturacao-bradesco-representantes-dos-empregados-cobram-compromisso-com-o-emprego\/","title":{"rendered":"Reestrutura\u00e7\u00e3o Bradesco: Representantes dos empregados cobram compromisso com o emprego."},"content":{"rendered":"<p style=\"text-align: justify;\"><span style=\"font-family: arial, helvetica, sans-serif;\"><em>Em reuni\u00e3o com representantes do Banco, COE cobra explica\u00e7\u00f5es sobre reestrutura\u00e7\u00e3o anunciada.<\/em><\/span><\/p>\n<p style=\"text-align: justify;\"><span style=\"font-family: arial, helvetica, sans-serif;\">A Comiss\u00e3o de Organiza\u00e7\u00e3o dos Empregados (COE) do Bradesco se reuniu, na tarde de sexta-feira (1\u00ba), com a dire\u00e7\u00e3o do banco para cobrar explica\u00e7\u00f5es sobre a reestrutura\u00e7\u00e3o, anunciada pelo novo presidente do banco, Marcelo Noronha, no dia 7 de fevereiro, em entrevista coletiva, sem qualquer negocia\u00e7\u00e3o pr\u00e9via com o movimento sindical.<\/span><\/p>\n<p style=\"text-align: justify;\"><span style=\"font-family: arial, helvetica, sans-serif;\">Durante a reuni\u00e3o representantes dos empregados na COE refor\u00e7aram o n\u00famero de 6 mil postos de trabalho a menos no sistema banc\u00e1rio, em 2023, o que levou a um cen\u00e1rio de sobrecarga de trabalho e adoecimento.<\/span><\/p>\n<p style=\"text-align: justify;\"><span style=\"font-family: arial, helvetica, sans-serif;\">Lourival Rodrigues, presidente do Sindicato dos Banc\u00e1rios de Campinas, representou a Federa\u00e7\u00e3o dos Banc\u00e1rios dos Estados de S\u00e3o Paulo e Mato Grosso do Sul. \u201cA nossa maior preocupa\u00e7\u00e3o \u00e9 com a manuten\u00e7\u00e3o do emprego e com a sa\u00fade do banc\u00e1rio, especialmente para que n\u00e3o haja sobrecarga de trabalho o que, j\u00e1 sabemos, \u00e9 algo que adoece o trabalhador\u201d, pontuou.<\/span><\/p>\n<p style=\"text-align: justify;\"><span style=\"font-family: arial, helvetica, sans-serif;\">Um resumo do plano estrat\u00e9gico anunciado pelo presidente foi apresentando pelos representantes do banco durante a reuni\u00e3o, apontando o resultado financeiro apresentado pelo em 2023 \u2013 como o lucro l\u00edquido recorrente de R$ 16,3 bilh\u00f5es, que indica queda de 21,2% em rela\u00e7\u00e3o ao ano anterior.<\/span><\/p>\n<p style=\"text-align: justify;\"><span style=\"font-family: arial, helvetica, sans-serif;\">Em entrevista coletiva, em fevereiro, o presidente do banco tamb\u00e9m estipulou metas de digitaliza\u00e7\u00e3o, com a expectativa de levar 75% das transa\u00e7\u00f5es feitas para a nuvem. Atualmente, cerca de 45% das transa\u00e7\u00f5es da empresa s\u00e3o feitas na nuvem. Para atingir essa meta, Noronha prometeu uma expressiva contrata\u00e7\u00e3o no setor de tecnologia de cerca de tr\u00eas mil pessoas.<\/span><\/p>\n<p style=\"text-align: justify;\"><span style=\"font-family: arial, helvetica, sans-serif;\">O banco disse que essa \u00e9 uma das ideias para o processo. Inclusive, deu exemplos que j\u00e1 aconteceram no ano passado, com um plano de estrutura e capacita\u00e7\u00e3o.<\/span><\/p>\n<p style=\"text-align: justify;\"><span style=\"font-family: arial, helvetica, sans-serif;\">Lourival refor\u00e7ou o compromisso do movimento sindical com os empregados. \u201cImportante assegurar aos funcion\u00e1rios que n\u00f3s do movimento sindical estaremos de olho nessa reestrutura\u00e7\u00e3o, acompanhando seu impacto e fazendo a interven\u00e7\u00e3o necess\u00e1ria para garantir emprego\u201d, defende.<\/span><\/p>\n<p style=\"text-align: justify;\"><span style=\"font-family: arial, helvetica, sans-serif;\">Questionado sobre a abertura de di\u00e1logo para tratar sobre o processo de reestrutura\u00e7\u00e3o, o banco se comprometeu a manter o canal de comunica\u00e7\u00e3o aberto com o movimento sindical.<\/span><\/p>\n<p style=\"text-align: justify;\"><span style=\"font-family: arial, helvetica, sans-serif;\">Fonte: Federa\u00e7\u00e3o dos banc\u00e1rios de SPMS<\/span><\/p>\n<p style=\"text-align: justify;\">\u00a0<\/p>\n","protected":false},"excerpt":{"rendered":"<p class=\"excerpt\">Em reuni\u00e3o com representantes do Banco, COE cobra explica\u00e7\u00f5es sobre reestrutura\u00e7\u00e3o anunciada. A Comiss\u00e3o de Organiza\u00e7\u00e3o dos Empregados (COE) do Bradesco se reuniu, na tarde de sexta-feira (1\u00ba), com a dire\u00e7\u00e3o do banco para cobrar explica\u00e7\u00f5es sobre a reestrutura\u00e7\u00e3o, anunciada pelo novo presidente do banco, Marcelo Noronha, no dia 7 de fevereiro, em entrevista coletiva, [&hellip;]<\/p>\n","protected":false},"author":2,"featured_media":16975,"comment_status":"closed","ping_status":"closed","sticky":false,"template":"","format":"standard","meta":{"_et_pb_use_builder":"","_et_pb_old_content":"","_et_gb_content_width":"","footnotes":""},"categories":[13],"tags":[],"class_list":["post-16974","post","type-post","status-publish","format-standard","has-post-thumbnail","hentry","category-noticias"],"_links":{"self":[{"href":"https:\/\/sjcbancarios.com.br\/site\/wp-json\/wp\/v2\/posts\/16974","targetHints":{"allow":["GET"]}}],"collection":[{"href":"https:\/\/sjcbancarios.com.br\/site\/wp-json\/wp\/v2\/posts"}],"about":[{"href":"https:\/\/sjcbancarios.com.br\/site\/wp-json\/wp\/v2\/types\/post"}],"author":[{"embeddable":true,"href":"https:\/\/sjcbancarios.com.br\/site\/wp-json\/wp\/v2\/users\/2"}],"replies":[{"embeddable":true,"href":"https:\/\/sjcbancarios.com.br\/site\/wp-json\/wp\/v2\/comments?post=16974"}],"version-history":[{"count":0,"href":"https:\/\/sjcbancarios.com.br\/site\/wp-json\/wp\/v2\/posts\/16974\/revisions"}],"wp:featuredmedia":[{"embeddable":true,"href":"https:\/\/sjcbancarios.com.br\/site\/wp-json\/wp\/v2\/media\/16975"}],"wp:attachment":[{"href":"https:\/\/sjcbancarios.com.br\/site\/wp-json\/wp\/v2\/media?parent=16974"}],"wp:term":[{"taxonomy":"category","embeddable":true,"href":"https:\/\/sjcbancarios.com.br\/site\/wp-json\/wp\/v2\/categories?post=16974"},{"taxonomy":"post_tag","embeddable":true,"href":"https:\/\/sjcbancarios.com.br\/site\/wp-json\/wp\/v2\/tags?post=16974"}],"curies":[{"name":"wp","href":"https:\/\/api.w.org\/{rel}","templated":true}]}}