{"id":15364,"date":"2022-05-25T06:16:00","date_gmt":"2022-05-25T09:16:00","guid":{"rendered":"https:\/\/sjcbancarios.com.br\/site\/?p=15364"},"modified":"2022-05-25T06:55:14","modified_gmt":"2022-05-25T09:55:14","slug":"financeiras-edital-assembleia-geral-extraordinaria","status":"publish","type":"post","link":"https:\/\/sjcbancarios.com.br\/site\/noticias\/financeiras-edital-assembleia-geral-extraordinaria\/","title":{"rendered":"FINANCEIRAS- Assembleia Geral Extraordin\u00e1ria."},"content":{"rendered":"<p style=\"text-align: justify;\"><span style=\"font-family: arial, helvetica, sans-serif;\">O Sindicato dos Empregados em Estabelecimentos Banc\u00e1rios de S\u00e3o Jos\u00e9 dos Campos e Regi\u00e3o, por seu presidente abaixo assinado, convoca todos os empregados <strong>financi\u00e1rios em estabelecimentos banc\u00e1rios e\/ou financi\u00e1rios<\/strong>, s\u00f3cios e n\u00e3o s\u00f3cios, da base territorial deste sindicato, para a assembleia geral extraordin\u00e1ria que se realizar\u00e1 de forma remota\/virtual durante o per\u00edodo das 10:00 horas at\u00e9 \u00e0s 18:00 horas do dia 30 de maio de 2022, na forma disposta no site <a href=\"http:\/\/www.sjcbancarios.com.br\"><strong>www.sjcbancarios.com.br<\/strong><\/a> onde estar\u00e3o dispon\u00edveis todas as informa\u00e7\u00f5es necess\u00e1rias para a delibera\u00e7\u00e3o acerca da seguinte pauta: <strong>1<\/strong>. Autorizar a diretoria do Sindicato a negociar e celebrar Instrumentos Coletivos de Trabalho com a Federa\u00e7\u00e3o Interestadual das Institui\u00e7\u00f5es de Cr\u00e9dito, Financiamento e Investimento (Fenacrefi) e, frustradas as negocia\u00e7\u00f5es, defender-se e\/ou instaurar diss\u00eddio coletivo de trabalho, bem como delegar poderes para tanto; <strong>2<\/strong>.\u00a0\u00a0Aprovar a Pauta de Reivindica\u00e7\u00f5es da categoria financi\u00e1ria que inclui desconto a ser feito nos sal\u00e1rios dos empregados em raz\u00e3o da contrata\u00e7\u00e3o a ser realizada (contribui\u00e7\u00e3o negocial). <\/span><\/p>\n<p style=\"text-align: justify;\"><span style=\"font-family: arial, helvetica, sans-serif;\">S\u00e3o Jos\u00e9 dos Campos, 26 de Maio de 2022.<\/span><\/p>\n<p>ANT\u00d4NIO MARCOS DE BARROS<\/p>\n<p>Presidente<\/p>\n","protected":false},"excerpt":{"rendered":"<p class=\"excerpt\">O Sindicato dos Empregados em Estabelecimentos Banc\u00e1rios de S\u00e3o Jos\u00e9 dos Campos e Regi\u00e3o, por seu presidente abaixo assinado, convoca todos os empregados financi\u00e1rios em estabelecimentos banc\u00e1rios e\/ou financi\u00e1rios, s\u00f3cios e n\u00e3o s\u00f3cios, da base territorial deste sindicato, para a assembleia geral extraordin\u00e1ria que se realizar\u00e1 de forma remota\/virtual durante o per\u00edodo das 10:00 horas [&hellip;]<\/p>\n","protected":false},"author":2,"featured_media":14274,"comment_status":"closed","ping_status":"closed","sticky":false,"template":"","format":"standard","meta":{"_et_pb_use_builder":"","_et_pb_old_content":"","_et_gb_content_width":"","footnotes":""},"categories":[13],"tags":[],"class_list":["post-15364","post","type-post","status-publish","format-standard","has-post-thumbnail","hentry","category-noticias"],"_links":{"self":[{"href":"https:\/\/sjcbancarios.com.br\/site\/wp-json\/wp\/v2\/posts\/15364","targetHints":{"allow":["GET"]}}],"collection":[{"href":"https:\/\/sjcbancarios.com.br\/site\/wp-json\/wp\/v2\/posts"}],"about":[{"href":"https:\/\/sjcbancarios.com.br\/site\/wp-json\/wp\/v2\/types\/post"}],"author":[{"embeddable":true,"href":"https:\/\/sjcbancarios.com.br\/site\/wp-json\/wp\/v2\/users\/2"}],"replies":[{"embeddable":true,"href":"https:\/\/sjcbancarios.com.br\/site\/wp-json\/wp\/v2\/comments?post=15364"}],"version-history":[{"count":0,"href":"https:\/\/sjcbancarios.com.br\/site\/wp-json\/wp\/v2\/posts\/15364\/revisions"}],"wp:featuredmedia":[{"embeddable":true,"href":"https:\/\/sjcbancarios.com.br\/site\/wp-json\/wp\/v2\/media\/14274"}],"wp:attachment":[{"href":"https:\/\/sjcbancarios.com.br\/site\/wp-json\/wp\/v2\/media?parent=15364"}],"wp:term":[{"taxonomy":"category","embeddable":true,"href":"https:\/\/sjcbancarios.com.br\/site\/wp-json\/wp\/v2\/categories?post=15364"},{"taxonomy":"post_tag","embeddable":true,"href":"https:\/\/sjcbancarios.com.br\/site\/wp-json\/wp\/v2\/tags?post=15364"}],"curies":[{"name":"wp","href":"https:\/\/api.w.org\/{rel}","templated":true}]}}