{"id":15215,"date":"2022-03-09T12:08:35","date_gmt":"2022-03-09T15:08:35","guid":{"rendered":"https:\/\/sjcbancarios.com.br\/site\/?p=15215"},"modified":"2022-03-09T12:15:44","modified_gmt":"2022-03-09T15:15:44","slug":"em-evento-historico-ugt-sp-formula-e-aprova-propostas-para-a-conclat","status":"publish","type":"post","link":"https:\/\/sjcbancarios.com.br\/site\/noticias\/em-evento-historico-ugt-sp-formula-e-aprova-propostas-para-a-conclat\/","title":{"rendered":"Em evento hist\u00f3rico, UGT-SP formula e aprova propostas para a Conclat."},"content":{"rendered":"<p style=\"text-align: justify;\"><span style=\"font-family: arial, helvetica, sans-serif;\">Na ultima sexta-feira, dia 04, em Avar\u00e9-SP, a UGT-SP realizou um encontro estadual para formular e aprovar as propostas que a UGT-SP vai encaminhar \u00e0 Conclat 2022. Estiveram presente no evento mais de 418 trabalhadores das mais diversas categorias do Estado.<\/span><\/p>\n<p style=\"text-align: justify;\"><span style=\"font-family: arial, helvetica, sans-serif;\">&#8220;Este evento e o grande n\u00famero de participantes registrado mostra como os membros de nossa Central t\u00eam interesse em debater e agir para que haja mudan\u00e7as significativas no pa\u00eds&#8221;, destacou o presidente Amauri Mort\u00e1gua.<\/span><\/p>\n<p style=\"text-align: justify;\"><span style=\"font-family: arial, helvetica, sans-serif;\">Durante o congresso lideran\u00e7as ligadas \u00e0s federa\u00e7\u00f5es dos trabalhadores das mais diversas categorias puderam apresentar suas propostas que foram compiladas e aprovadas no final do evento.<\/span><\/p>\n<p>Participaram do congresso os diretores do Sindicato, Michel Eliton dos Santos Pereira e D\u00e9bora Ferreira Machado, a dirigente que integra a diretoria executiva da UGT-SP, representou a Feeb SPMS, defendendo as propostas dos\u00a0 banc\u00e1rios.\u00a0\u00a0<\/p>\n<p><img loading=\"lazy\" decoding=\"async\" class=\"alignnone size-medium wp-image-15217\" src=\"https:\/\/sjcbancarios.com.br\/site\/wp-content\/uploads\/2022\/03\/debora-UGT-450x236.jpeg\" alt=\"\" width=\"450\" height=\"236\" srcset=\"https:\/\/sjcbancarios.com.br\/site\/wp-content\/uploads\/2022\/03\/debora-UGT-450x236.jpeg 450w, https:\/\/sjcbancarios.com.br\/site\/wp-content\/uploads\/2022\/03\/debora-UGT-768x403.jpeg 768w, https:\/\/sjcbancarios.com.br\/site\/wp-content\/uploads\/2022\/03\/debora-UGT-24x13.jpeg 24w, https:\/\/sjcbancarios.com.br\/site\/wp-content\/uploads\/2022\/03\/debora-UGT-36x19.jpeg 36w, https:\/\/sjcbancarios.com.br\/site\/wp-content\/uploads\/2022\/03\/debora-UGT-48x25.jpeg 48w, https:\/\/sjcbancarios.com.br\/site\/wp-content\/uploads\/2022\/03\/debora-UGT.jpeg 1024w\" sizes=\"(max-width: 450px) 100vw, 450px\" \/><\/p>\n<p style=\"text-align: justify;\"><span style=\"font-family: arial, helvetica, sans-serif;\">Fonte: UGT-SP.<\/span><\/p>\n","protected":false},"excerpt":{"rendered":"<p class=\"excerpt\">Na ultima sexta-feira, dia 04, em Avar\u00e9-SP, a UGT-SP realizou um encontro estadual para formular e aprovar as propostas que a UGT-SP vai encaminhar \u00e0 Conclat 2022. Estiveram presente no evento mais de 418 trabalhadores das mais diversas categorias do Estado. &#8220;Este evento e o grande n\u00famero de participantes registrado mostra como os membros de [&hellip;]<\/p>\n","protected":false},"author":2,"featured_media":15216,"comment_status":"closed","ping_status":"closed","sticky":false,"template":"","format":"standard","meta":{"_et_pb_use_builder":"","_et_pb_old_content":"","_et_gb_content_width":"","footnotes":""},"categories":[13],"tags":[],"class_list":["post-15215","post","type-post","status-publish","format-standard","has-post-thumbnail","hentry","category-noticias"],"_links":{"self":[{"href":"https:\/\/sjcbancarios.com.br\/site\/wp-json\/wp\/v2\/posts\/15215","targetHints":{"allow":["GET"]}}],"collection":[{"href":"https:\/\/sjcbancarios.com.br\/site\/wp-json\/wp\/v2\/posts"}],"about":[{"href":"https:\/\/sjcbancarios.com.br\/site\/wp-json\/wp\/v2\/types\/post"}],"author":[{"embeddable":true,"href":"https:\/\/sjcbancarios.com.br\/site\/wp-json\/wp\/v2\/users\/2"}],"replies":[{"embeddable":true,"href":"https:\/\/sjcbancarios.com.br\/site\/wp-json\/wp\/v2\/comments?post=15215"}],"version-history":[{"count":0,"href":"https:\/\/sjcbancarios.com.br\/site\/wp-json\/wp\/v2\/posts\/15215\/revisions"}],"wp:featuredmedia":[{"embeddable":true,"href":"https:\/\/sjcbancarios.com.br\/site\/wp-json\/wp\/v2\/media\/15216"}],"wp:attachment":[{"href":"https:\/\/sjcbancarios.com.br\/site\/wp-json\/wp\/v2\/media?parent=15215"}],"wp:term":[{"taxonomy":"category","embeddable":true,"href":"https:\/\/sjcbancarios.com.br\/site\/wp-json\/wp\/v2\/categories?post=15215"},{"taxonomy":"post_tag","embeddable":true,"href":"https:\/\/sjcbancarios.com.br\/site\/wp-json\/wp\/v2\/tags?post=15215"}],"curies":[{"name":"wp","href":"https:\/\/api.w.org\/{rel}","templated":true}]}}