{"id":15202,"date":"2022-03-09T10:41:24","date_gmt":"2022-03-09T13:41:24","guid":{"rendered":"https:\/\/sjcbancarios.com.br\/site\/?p=15202"},"modified":"2022-03-09T10:41:24","modified_gmt":"2022-03-09T13:41:24","slug":"no-mes-da-mulher-federacao-dos-bancarios-realiza-encontro-pela-igualdade-de-genero","status":"publish","type":"post","link":"https:\/\/sjcbancarios.com.br\/site\/noticias\/no-mes-da-mulher-federacao-dos-bancarios-realiza-encontro-pela-igualdade-de-genero\/","title":{"rendered":"No m\u00eas da mulher, Federa\u00e7\u00e3o dos Banc\u00e1rios realiza encontro pela Igualdade de G\u00eanero."},"content":{"rendered":"<p style=\"text-align: justify;\"><span style=\"font-family: arial, helvetica, sans-serif;\">A Federa\u00e7\u00e3o dos Banc\u00e1rios dos Estados de S\u00e3o Paulo e Mato Grosso do Sul realiza neste m\u00eas de mar\u00e7o, em homenagem ao Dia Internacional das Mulheres, comemorado no pr\u00f3ximo dia 8, o Encontro pela Igualdade de G\u00eanero.<\/span><\/p>\n<p style=\"text-align: justify;\"><span style=\"font-family: arial, helvetica, sans-serif;\">O evento est\u00e1 programado para o dia 15 de mar\u00e7o e ser\u00e1 voltado para dirigentes, tanto mulheres como homens, dos 23 sindicatos filiados \u00e0 Feeb.<\/span><\/p>\n<p style=\"text-align: justify;\"><span style=\"font-family: arial, helvetica, sans-serif;\">O objetivo \u00e9 promover e fortalecer a luta para a constru\u00e7\u00e3o de uma sociedade mais justa e igualit\u00e1ria.<\/span><\/p>\n<p style=\"text-align: justify;\"><span style=\"font-family: arial, helvetica, sans-serif;\">Para a Federa\u00e7\u00e3o dos Banc\u00e1rios, a defesa pela luta das mulheres sempre esteve no DNA do movimento sindical. \u201cA igualdade de oportunidades \u00e9 pauta permanente no meio sindical. Se quisermos ver o fim das rela\u00e7\u00f5es abusivas de trabalho e da desigualdade na sociedade, devemos nos posicionar\u201d, destaca Elisa Ferreira, representante da Feeb SP\/MS e organizadora do evento.<\/span><\/p>\n<p style=\"text-align: justify;\"><span style=\"font-family: arial, helvetica, sans-serif;\"><strong>Cen\u00e1rio<\/strong><\/span><\/p>\n<p style=\"text-align: justify;\"><span style=\"font-family: arial, helvetica, sans-serif;\">De acordo com o movimento sindical, apenas 0,3% das mulheres banc\u00e1rias ocupam altos cargos de dire\u00e7\u00e3o, em rela\u00e7\u00e3o aos homens, e somente 1% das trabalhadoras ocupam cargos de dire\u00e7\u00e3o.<\/span><\/p>\n<p style=\"text-align: justify;\"><span style=\"font-family: arial, helvetica, sans-serif;\">Outro dado que merece aten\u00e7\u00e3o \u00e9 o rendimento m\u00e9dio mensal das mulheres negras, que \u00e9 de 73.3%, em rela\u00e7\u00e3o ao dos homens brancos.<\/span><\/p>\n<p style=\"text-align: justify;\"><span style=\"font-family: arial, helvetica, sans-serif;\">Quando se trata de viol\u00eancia, registros do 2\u00ba Censo da Diversidade, ainda apontam casos de banc\u00e1rias que convivem com o problema, seja dentro ou fora do ambiente banc\u00e1rio, assim como a desigualdade.<\/span><\/p>\n<p style=\"text-align: justify;\"><span style=\"font-family: arial, helvetica, sans-serif;\">\u201cApesar das conquistas acumuladas ao longo dos anos por meio da luta sindical, os dados ainda nos colocam em posi\u00e7\u00e3o de alerta e bandeiras pela igualdade e pelo fim da viol\u00eancia ainda precisam permanecer ativas\u201d, diz o secret\u00e1rio geral, Reginaldo Breda.<\/span><\/p>\n<p style=\"text-align: justify;\"><span style=\"font-family: arial, helvetica, sans-serif;\"><strong>Programa\u00e7\u00e3o<\/strong><\/span><\/p>\n<p style=\"text-align: justify;\"><span style=\"font-family: arial, helvetica, sans-serif;\">O encontro ocorre via aplicativo zoom. Os interessados em participar devem entrar em contato com a secretaria geral da Feeb. A programa\u00e7\u00e3o conta com a participa\u00e7\u00e3o da especialista em direitos das mulheres, Phamela Godoy, coordenadora do projeto \u201cBasta! N\u00e3o ir\u00e3o nos calar!\u201d, aprovado pelo Comando Nacional dos Banc\u00e1rios, que assessora as entidades sindicais a criarem canais para atender banc\u00e1rias em situa\u00e7\u00e3o de viol\u00eancia dom\u00e9stica e oferecer assist\u00eancia jur\u00eddica especializada.<\/span><\/p>\n<p style=\"text-align: justify;\"><span style=\"font-family: arial, helvetica, sans-serif;\">Dentre os temas previstos para o encontro est\u00e3o: Viol\u00eancia Dom\u00e9stica e Familiar; Viol\u00eancia Pol\u00edtica de G\u00eanero; Programa de Preven\u00e7\u00e3o \u00e0 Viol\u00eancia Contra a Mulher\u201d, e o Projeto \u201cBasta! N\u00e3o Ir\u00e3o nos Calar\u201d.<\/span><\/p>\n<p style=\"text-align: justify;\"><span style=\"font-family: arial, helvetica, sans-serif;\">Fonte: Federa\u00e7\u00e3o dos banc\u00e1rios de SPMS.<\/span><\/p>\n","protected":false},"excerpt":{"rendered":"<p class=\"excerpt\">A Federa\u00e7\u00e3o dos Banc\u00e1rios dos Estados de S\u00e3o Paulo e Mato Grosso do Sul realiza neste m\u00eas de mar\u00e7o, em homenagem ao Dia Internacional das Mulheres, comemorado no pr\u00f3ximo dia 8, o Encontro pela Igualdade de G\u00eanero. O evento est\u00e1 programado para o dia 15 de mar\u00e7o e ser\u00e1 voltado para dirigentes, tanto mulheres como [&hellip;]<\/p>\n","protected":false},"author":2,"featured_media":15203,"comment_status":"closed","ping_status":"closed","sticky":false,"template":"","format":"standard","meta":{"_et_pb_use_builder":"","_et_pb_old_content":"","_et_gb_content_width":"","footnotes":""},"categories":[13],"tags":[],"class_list":["post-15202","post","type-post","status-publish","format-standard","has-post-thumbnail","hentry","category-noticias"],"_links":{"self":[{"href":"https:\/\/sjcbancarios.com.br\/site\/wp-json\/wp\/v2\/posts\/15202","targetHints":{"allow":["GET"]}}],"collection":[{"href":"https:\/\/sjcbancarios.com.br\/site\/wp-json\/wp\/v2\/posts"}],"about":[{"href":"https:\/\/sjcbancarios.com.br\/site\/wp-json\/wp\/v2\/types\/post"}],"author":[{"embeddable":true,"href":"https:\/\/sjcbancarios.com.br\/site\/wp-json\/wp\/v2\/users\/2"}],"replies":[{"embeddable":true,"href":"https:\/\/sjcbancarios.com.br\/site\/wp-json\/wp\/v2\/comments?post=15202"}],"version-history":[{"count":0,"href":"https:\/\/sjcbancarios.com.br\/site\/wp-json\/wp\/v2\/posts\/15202\/revisions"}],"wp:featuredmedia":[{"embeddable":true,"href":"https:\/\/sjcbancarios.com.br\/site\/wp-json\/wp\/v2\/media\/15203"}],"wp:attachment":[{"href":"https:\/\/sjcbancarios.com.br\/site\/wp-json\/wp\/v2\/media?parent=15202"}],"wp:term":[{"taxonomy":"category","embeddable":true,"href":"https:\/\/sjcbancarios.com.br\/site\/wp-json\/wp\/v2\/categories?post=15202"},{"taxonomy":"post_tag","embeddable":true,"href":"https:\/\/sjcbancarios.com.br\/site\/wp-json\/wp\/v2\/tags?post=15202"}],"curies":[{"name":"wp","href":"https:\/\/api.w.org\/{rel}","templated":true}]}}