{"id":15166,"date":"2022-02-24T10:49:03","date_gmt":"2022-02-24T13:49:03","guid":{"rendered":"https:\/\/sjcbancarios.com.br\/site\/?p=15166"},"modified":"2022-05-02T11:05:55","modified_gmt":"2022-05-02T14:05:55","slug":"caixa-federal-anuncia-data-da-divulgacao-do-lucro-e-sindicato-cobra-pagamento-da-plr","status":"publish","type":"post","link":"https:\/\/sjcbancarios.com.br\/site\/bancos\/caixa-economica-federal\/caixa-federal-anuncia-data-da-divulgacao-do-lucro-e-sindicato-cobra-pagamento-da-plr\/","title":{"rendered":"Caixa Federal anuncia data da divulga\u00e7\u00e3o do lucro."},"content":{"rendered":"<p style=\"text-align: justify;\"><span style=\"font-family: arial, helvetica, sans-serif;\">A Caixa Econ\u00f4mica Federal anunciou, no dia 17 de fevereiro, que o lucro de 2021 do banco p\u00fablico ser\u00e1 divulgado nesta quinta-feira, dia 24. Diante da informa\u00e7\u00e3o, a representa\u00e7\u00e3o dos empregados, enviou of\u00edcio \u00e0 dire\u00e7\u00e3o da empresa cobrando o pagamento da segunda parcela da PLR de 2021 e da PLR Social, que s\u00f3 podem ser pagas ap\u00f3s a divulga\u00e7\u00e3o do balan\u00e7o anual.<\/span><\/p>\n<p style=\"text-align: justify;\"><span style=\"font-family: arial, helvetica, sans-serif;\"><strong>PLR Caixa Federal 2021<\/strong><\/span><\/p>\n<p style=\"text-align: justify;\"><span style=\"font-family: arial, helvetica, sans-serif;\">A Caixa Econ\u00f4mica Federal \u00e9 o \u00fanico banco 100% p\u00fablico com presen\u00e7a nacional, e com forte atua\u00e7\u00e3o social, respons\u00e1vel por administrar o FGTS e programas sociais, como o Fies, Prouni, Bolsa Fam\u00edlia, Casa Verde Amarela e outros. O c\u00e1lculo da PLR da Caixa \u00e9 determinado atrav\u00e9s de um acordo coletivo pr\u00f3prio. (ACT PLR Caixa 2021).<\/span><\/p>\n<p style=\"text-align: justify;\"><span style=\"font-family: arial, helvetica, sans-serif;\">Assim como ocorre nos bancos privados, o pagamento da PLR da Caixa \u00e9 dividido em duas parcelas, sendo a primeira parcela paga at\u00e9 30 de setembro de 2021, e a segunda parcela at\u00e9 31 de mar\u00e7o de 2022.<\/span><\/p>\n<p style=\"text-align: justify;\"><span style=\"font-family: arial, helvetica, sans-serif;\">As regras de c\u00e1lculo da PLR Caixa 2021 s\u00e3o diferentes das regras negociadas com os banco privados. Diferentemente destes \u00faltimos, a primeira parcela da PLR Caixa 2021 \u00e9 equivalente a 50% do valor total da PLR.<\/span><\/p>\n<p style=\"text-align: justify;\"><span style=\"font-family: arial, helvetica, sans-serif;\">A PLR da Caixa \u00e9 composta por dois m\u00f3dulos: o m\u00f3dulo Fenaban e o m\u00f3dulo Caixa (conhecido tamb\u00e9m como PLR Social). O primeiro \u00e9 formado pela regra &#8220;90% do sal\u00e1rio + valores fixos&#8221; mais a distribui\u00e7\u00e3o de 2,2% do lucro l\u00edquido. J\u00e1 o m\u00f3dulo Caixa \u00e9 composto pela PLR Social, equivalente a 4% do lucro do banco divido para todos os funcion\u00e1rios.<\/span><\/p>\n<p style=\"text-align: justify;\"><span style=\"font-family: arial, helvetica, sans-serif;\">Importante ressaltar que o valor total da PLR da Caixa est\u00e1 limitado a tr\u00eas remunera\u00e7\u00f5es base por empregado.<\/span><\/p>\n<p style=\"text-align: justify;\"><span style=\"font-family: arial, helvetica, sans-serif;\"><strong>PLR Social Caixa \u2013 Uma luta dos empregados<\/strong><\/span><\/p>\n<p style=\"text-align: justify;\"><span style=\"font-family: arial, helvetica, sans-serif;\">A PLR Social Caixa Econ\u00f4mica Federal, ou PLR Social CEF \u00e9 fruto da luta dos trabalhadores e das entidades representativas.<\/span><\/p>\n<p style=\"text-align: justify;\"><span style=\"font-family: arial, helvetica, sans-serif;\">A conquista da PLR Social CEF \u00e9 resultado da Campanha Nacional Unificada (campanha salarial) de 2010, e foi uma forma de valorizar os trabalhadores pelo trabalho relacionado a programas sociais do governo federal, operacionalizados pelo banco p\u00fablico.<\/span><\/p>\n<p style=\"text-align: justify;\"><span style=\"font-family: arial, helvetica, sans-serif;\">Em 2020 foi primeira vez que uma dire\u00e7\u00e3o da Caixa fez o pagamento da PLR Social Caixa menor do que o acordado, o que motivou paralisa\u00e7\u00e3o nacional dos empregados e ingresso de a\u00e7\u00e3o judicial pleiteando a diferen\u00e7a dos valores, e que aguarda decis\u00e3o.<\/span><\/p>\n<p>&nbsp;<\/p>\n<p>Fonte: SPbancarios<\/p>\n","protected":false},"excerpt":{"rendered":"<p class=\"excerpt\">A Caixa Econ\u00f4mica Federal anunciou, no dia 17 de fevereiro, que o lucro de 2021 do banco p\u00fablico ser\u00e1 divulgado nesta quinta-feira, dia 24. Diante da informa\u00e7\u00e3o, a representa\u00e7\u00e3o dos empregados, enviou of\u00edcio \u00e0 dire\u00e7\u00e3o da empresa cobrando o pagamento da segunda parcela da PLR de 2021 e da PLR Social, que s\u00f3 podem ser [&hellip;]<\/p>\n","protected":false},"author":2,"featured_media":15171,"comment_status":"closed","ping_status":"closed","sticky":false,"template":"","format":"standard","meta":{"_et_pb_use_builder":"","_et_pb_old_content":"","_et_gb_content_width":"","footnotes":""},"categories":[8],"tags":[],"class_list":["post-15166","post","type-post","status-publish","format-standard","has-post-thumbnail","hentry","category-caixa-economica-federal"],"_links":{"self":[{"href":"https:\/\/sjcbancarios.com.br\/site\/wp-json\/wp\/v2\/posts\/15166","targetHints":{"allow":["GET"]}}],"collection":[{"href":"https:\/\/sjcbancarios.com.br\/site\/wp-json\/wp\/v2\/posts"}],"about":[{"href":"https:\/\/sjcbancarios.com.br\/site\/wp-json\/wp\/v2\/types\/post"}],"author":[{"embeddable":true,"href":"https:\/\/sjcbancarios.com.br\/site\/wp-json\/wp\/v2\/users\/2"}],"replies":[{"embeddable":true,"href":"https:\/\/sjcbancarios.com.br\/site\/wp-json\/wp\/v2\/comments?post=15166"}],"version-history":[{"count":0,"href":"https:\/\/sjcbancarios.com.br\/site\/wp-json\/wp\/v2\/posts\/15166\/revisions"}],"wp:featuredmedia":[{"embeddable":true,"href":"https:\/\/sjcbancarios.com.br\/site\/wp-json\/wp\/v2\/media\/15171"}],"wp:attachment":[{"href":"https:\/\/sjcbancarios.com.br\/site\/wp-json\/wp\/v2\/media?parent=15166"}],"wp:term":[{"taxonomy":"category","embeddable":true,"href":"https:\/\/sjcbancarios.com.br\/site\/wp-json\/wp\/v2\/categories?post=15166"},{"taxonomy":"post_tag","embeddable":true,"href":"https:\/\/sjcbancarios.com.br\/site\/wp-json\/wp\/v2\/tags?post=15166"}],"curies":[{"name":"wp","href":"https:\/\/api.w.org\/{rel}","templated":true}]}}