{"id":15137,"date":"2022-02-10T10:36:50","date_gmt":"2022-02-10T13:36:50","guid":{"rendered":"https:\/\/sjcbancarios.com.br\/site\/?p=15137"},"modified":"2022-02-10T11:25:18","modified_gmt":"2022-02-10T14:25:18","slug":"nota-das-centrais-sindicais-conclat-2022-emprego-direitos-democracia-e-vida","status":"publish","type":"post","link":"https:\/\/sjcbancarios.com.br\/site\/noticias\/nota-das-centrais-sindicais-conclat-2022-emprego-direitos-democracia-e-vida\/","title":{"rendered":"Nota das Centrais Sindicais: CONCLAT 2022 \u2013 Emprego, Direitos, Democracia e Vida."},"content":{"rendered":"<p style=\"text-align: justify;\"><span style=\"font-family: arial, helvetica, sans-serif;\">As centrais sindicais brasileiras divulgaram nota nesta segunda-feira, dia 07, convocando trabalhadores e trabalhadoras de todo o Brasil para a Confer\u00eancia Nacional da Classe Trabalhadora (Conclat 2022 \u2013 Emprego, Direitos, Democracia e Vida).<\/span><\/p>\n<p style=\"text-align: justify;\"><span style=\"font-family: arial, helvetica, sans-serif;\">A Confer\u00eancia, que ser\u00e1 realizada em 07 de abril, vai apresentar \u00e0 classe trabalhadora e a toda a sociedade propostas de gera\u00e7\u00e3o de empregos de qualidade, aumento dos sal\u00e1rios, prote\u00e7\u00e3o dos direitos trabalhistas, combate \u00e0s desigualdades, prote\u00e7\u00f5es sociais e previdenci\u00e1rias, a defesa da democracia, da soberania e da vida.<\/span><\/p>\n<p style=\"text-align: justify;\"><span style=\"font-family: arial, helvetica, sans-serif;\">Al\u00e9m disso, vai apresentar as reivindica\u00e7\u00f5es do conjunto das Centrais Sindicais para garantir a inclus\u00e3o e o protagonismo da classe trabalhadora no debate eleitoral e no p\u00f3s-elei\u00e7\u00f5es. Essa pauta ser\u00e1 entregue aos candidatos e candidatas \u00e0 Presid\u00eancia da Rep\u00fablica e ao Congresso Nacional.<\/span><\/p>\n<p style=\"text-align: justify;\"><strong><span style=\"font-family: arial, helvetica, sans-serif;\">Confira abaixo a \u00edntegra da nota.<\/span><\/strong><\/p>\n<p style=\"text-align: justify;\"><strong><span style=\"font-family: arial, helvetica, sans-serif;\">&#8220;Nota das Centrais Sindicais: CONCLAT 2022 \u2013 Emprego, Direitos, Democracia e Vida&#8221;<\/span><\/strong><\/p>\n<p style=\"text-align: justify;\"><span style=\"font-family: arial, helvetica, sans-serif;\">Na esteira da oportunidade e desafio de mudar os rumos do desenvolvimento do pa\u00eds, depois de um longo per\u00edodo de resist\u00eancia e luta aos ataques sem precedentes impostos por este governo, que ignora e persegue a classe trabalhadora e seus leg\u00edtimos representantes, as Centrais Sindicais, de forma unit\u00e1ria, convocam trabalhadores e trabalhadoras de todo o Brasil para a Conclat 2022 \u2013 Emprego, Direitos, Democracia e Vida.<\/span><\/p>\n<p style=\"text-align: justify;\"><span style=\"font-family: arial, helvetica, sans-serif;\">A Confer\u00eancia Nacional da Classe Trabalhadora ser\u00e1 realizada em 07 de abril, no formato h\u00edbrido (presencial e virtual), sob todos os protocolos sanit\u00e1rios, em S\u00e3o Paulo capital, com transmiss\u00e3o por TV e redes sociais do movimento sindical. Na confer\u00eancia, ser\u00e1 lan\u00e7ada a Pauta da Classe Trabalhadora 2022, que est\u00e1 em elabora\u00e7\u00e3o.<\/span><\/p>\n<p style=\"text-align: justify;\"><span style=\"font-family: arial, helvetica, sans-serif;\">Essa Pauta vai apresentar \u00e0 classe trabalhadora e a toda a sociedade um conjunto de propostas que espelham o modelo de desenvolvimento necess\u00e1rio para o Brasil gerar empregos de qualidade, crescimento dos sal\u00e1rios, prote\u00e7\u00e3o dos direitos trabalhistas, combate \u00e0s desigualdades, prote\u00e7\u00f5es sociais e previdenci\u00e1rias, a defesa da democracia, da soberania e da vida.<\/span><\/p>\n<p style=\"text-align: justify;\"><span style=\"font-family: arial, helvetica, sans-serif;\">Al\u00e9m de propostas, o documento trar\u00e1 as reivindica\u00e7\u00f5es do conjunto das Centrais Sindicais para garantir a inclus\u00e3o e o protagonismo da classe trabalhadora no debate eleitoral e no p\u00f3s-elei\u00e7\u00f5es. Essa Pauta ser\u00e1 entregue aos candidatos\/as \u00e0 Presid\u00eancia da Rep\u00fablica e ao Congresso Nacional.<\/span><\/p>\n<p style=\"text-align: justify;\"><span style=\"font-family: arial, helvetica, sans-serif;\">As Centrais Sindicais orientar\u00e3o suas entidades e sindicatos a realizar encontros estaduais e regionais, ap\u00f3s a Conclat, para definir a\u00e7\u00f5es e propostas locais e, a partir delas, produzir Pauta Unit\u00e1ria local, complementar \u00e0 pauta nacional, que tamb\u00e9m ser\u00e1 entregue aos candidatos aos executivos e legislativos nos estados, al\u00e9m de articular as a\u00e7\u00f5es locais conjuntas. As Centrais Sindicais destacam a import\u00e2ncia de iniciativas para eleger lideran\u00e7as comprometidas com a pauta da classe trabalhadora nas elei\u00e7\u00f5es de outubro.<\/span><\/p>\n<p style=\"text-align: justify;\"><span style=\"font-family: arial, helvetica, sans-serif;\">O objetivo \u00e9 contribuir para superar o caos instalado no pa\u00eds por um governo que aprofundou o desemprego e a pobreza, aumentou a carestia e a fome, deixando milh\u00f5es no desalento e abandono, confrontou a ci\u00eancia e a sa\u00fade na pandemia, sabotou vacinas e o SUS. Mais do que nunca, o Brasil precisa de uma Pauta da Classe Trabalhadora que exija o compromisso de mudan\u00e7as no rumo do desenvolvimento brasileiro, com \u00eanfase nas quest\u00f5es do trabalho, na prote\u00e7\u00e3o da vida e no fortalecimento da democracia.<\/span><\/p>\n<p style=\"text-align: justify;\"><span style=\"font-family: arial, helvetica, sans-serif;\">Os n\u00fameros comprovam a destrui\u00e7\u00e3o enfrentada pelo Brasil e pelos brasileiros: hoje, desempregados, subocupados em bicos e pessoas fora do mercado de trabalho, mas que precisam trabalhar, somam 29,1 milh\u00f5es, ou seja, 25% da for\u00e7a de trabalho brasileira ou est\u00e1 sem emprego ou est\u00e1 no subemprego. 41 milh\u00f5es de trabalhadores s\u00e3o informais; no setor privado, 1 a cada 4 trabalhadores n\u00e3o tem carteira de trabalho assinada.<\/span><\/p>\n<p style=\"text-align: justify;\"><span style=\"font-family: arial, helvetica, sans-serif;\">Enquanto os juros sobem a dois d\u00edgitos, 116,8 milh\u00f5es de brasileiros n\u00e3o t\u00eam acesso pleno e permanente a alimentos. Desses, 19 milh\u00f5es passam fome. A morte por Covid j\u00e1 matou mais de 630 mil pessoas, volta a subir e o governo questiona a vacina\u00e7\u00e3o de crian\u00e7as. N\u00e3o aceitamos e n\u00e3o queremos esse modelo de pa\u00eds!<\/span><\/p>\n<p style=\"text-align: justify;\"><span style=\"font-family: arial, helvetica, sans-serif;\">Por fim, ao realizar a Conclat 2022 e oferecer com transpar\u00eancia, democraticamente, \u00e0 sociedade nossas propostas, reafirmamos nossas convic\u00e7\u00f5es de que a consolida\u00e7\u00e3o e o amadurecimento da democracia no pa\u00eds passam necessariamente pelo fortalecimento das organiza\u00e7\u00f5es da sociedade civil e, dentre elas, o maior segmento organizado do povo brasileiro, que s\u00e3o os trabalhadores e as trabalhadoras representados pelas entidades do movimento sindical.<\/span><\/p>\n<p style=\"text-align: justify;\"><span style=\"font-family: arial, helvetica, sans-serif;\">Brasil, 07 de fevereiro de 2022<\/span><\/p>\n<p style=\"text-align: justify;\"><span style=\"font-family: arial, helvetica, sans-serif;\">S\u00e9rgio Nobre, presidente da CUT \u2013 Central \u00danica dos Trabalhadores<\/span><\/p>\n<p style=\"text-align: justify;\"><span style=\"font-family: arial, helvetica, sans-serif;\">Miguel Torres, presidente da For\u00e7a Sindical<\/span><\/p>\n<p style=\"text-align: justify;\"><span style=\"font-family: arial, helvetica, sans-serif;\">Ricardo Patah, presidente da UGT \u2013 Uni\u00e3o Geral dos Trabalhadores<\/span><\/p>\n<p style=\"text-align: justify;\"><span style=\"font-family: arial, helvetica, sans-serif;\">Adilson Ara\u00fajo, presidente da CTB \u2013 Central de Trabalhadores e Trabalhadoras do Brasil<\/span><\/p>\n<p style=\"text-align: justify;\"><span style=\"font-family: arial, helvetica, sans-serif;\">Oswaldo Augusto de Barros, presidente da NCST \u2013 Nova Central Sindical de Trabalhadores<\/span><\/p>\n<p style=\"text-align: justify;\"><span style=\"font-family: arial, helvetica, sans-serif;\">Antonio Neto, presidente da CSB \u2013 Central de Sindicatos do Brasil<\/span><\/p>\n<p style=\"text-align: justify;\"><span style=\"font-family: arial, helvetica, sans-serif;\">Edson Carneiro \u00cdndio, secret\u00e1rio geral da Intersindical Central da Classe Trabalhadora<\/span><\/p>\n<p style=\"text-align: justify;\"><span style=\"font-family: arial, helvetica, sans-serif;\">Atn\u00e1goras Lopes, secret\u00e1rio nacional da CSP CONLUTAS<\/span><\/p>\n<p style=\"text-align: justify;\"><span style=\"font-family: arial, helvetica, sans-serif;\">Jos\u00e9 Gozze, presidente da P\u00fablica, Central do Servidor<\/span><\/p>\n<p>Fonte: Uni\u00e3o Geral dos Trabalhadores (UGT)<\/p>\n","protected":false},"excerpt":{"rendered":"<p class=\"excerpt\">As centrais sindicais brasileiras divulgaram nota nesta segunda-feira, dia 07, convocando trabalhadores e trabalhadoras de todo o Brasil para a Confer\u00eancia Nacional da Classe Trabalhadora (Conclat 2022 \u2013 Emprego, Direitos, Democracia e Vida). A Confer\u00eancia, que ser\u00e1 realizada em 07 de abril, vai apresentar \u00e0 classe trabalhadora e a toda a sociedade propostas de gera\u00e7\u00e3o [&hellip;]<\/p>\n","protected":false},"author":2,"featured_media":15139,"comment_status":"closed","ping_status":"closed","sticky":false,"template":"","format":"standard","meta":{"_et_pb_use_builder":"","_et_pb_old_content":"","_et_gb_content_width":"","footnotes":""},"categories":[13],"tags":[],"class_list":["post-15137","post","type-post","status-publish","format-standard","has-post-thumbnail","hentry","category-noticias"],"_links":{"self":[{"href":"https:\/\/sjcbancarios.com.br\/site\/wp-json\/wp\/v2\/posts\/15137","targetHints":{"allow":["GET"]}}],"collection":[{"href":"https:\/\/sjcbancarios.com.br\/site\/wp-json\/wp\/v2\/posts"}],"about":[{"href":"https:\/\/sjcbancarios.com.br\/site\/wp-json\/wp\/v2\/types\/post"}],"author":[{"embeddable":true,"href":"https:\/\/sjcbancarios.com.br\/site\/wp-json\/wp\/v2\/users\/2"}],"replies":[{"embeddable":true,"href":"https:\/\/sjcbancarios.com.br\/site\/wp-json\/wp\/v2\/comments?post=15137"}],"version-history":[{"count":0,"href":"https:\/\/sjcbancarios.com.br\/site\/wp-json\/wp\/v2\/posts\/15137\/revisions"}],"wp:featuredmedia":[{"embeddable":true,"href":"https:\/\/sjcbancarios.com.br\/site\/wp-json\/wp\/v2\/media\/15139"}],"wp:attachment":[{"href":"https:\/\/sjcbancarios.com.br\/site\/wp-json\/wp\/v2\/media?parent=15137"}],"wp:term":[{"taxonomy":"category","embeddable":true,"href":"https:\/\/sjcbancarios.com.br\/site\/wp-json\/wp\/v2\/categories?post=15137"},{"taxonomy":"post_tag","embeddable":true,"href":"https:\/\/sjcbancarios.com.br\/site\/wp-json\/wp\/v2\/tags?post=15137"}],"curies":[{"name":"wp","href":"https:\/\/api.w.org\/{rel}","templated":true}]}}