{"id":14817,"date":"2021-10-26T11:09:35","date_gmt":"2021-10-26T14:09:35","guid":{"rendered":"https:\/\/sjcbancarios.com.br\/site\/?p=14817"},"modified":"2022-05-02T13:02:21","modified_gmt":"2022-05-02T16:02:21","slug":"edital-de-convocacao-assembleia-geral-extraordinaria-virtual","status":"publish","type":"post","link":"https:\/\/sjcbancarios.com.br\/site\/bancos\/caixa-economica-federal\/edital-de-convocacao-assembleia-geral-extraordinaria-virtual\/","title":{"rendered":"SA\u00daDE CAIXA &#8211; Assembleia geral extraordin\u00e1ria virtual."},"content":{"rendered":"<p style=\"text-align: justify;\"><span style=\"font-family: arial, helvetica, sans-serif;\">O Sindicato dos empregados em estabelecimentos banc\u00e1rios de S\u00e3o Jos\u00e9 dos Campos e Regi\u00e3o, convoca todos os empregados (as) da Caixa Econ\u00f4mica Federal para participarem da assembleia geral extraordin\u00e1ria que ser\u00e1 realizada nos dias 28 e 29 de outubro de 2021, das 10:00 horas at\u00e9 as 18:00 horas, de <strong>forma virtual,<\/strong> para deliberarem sobre a <strong>proposta do Plano Sa\u00fade CAIXA<\/strong>, aprovado no Grupo de Trabalho Aditivo CONTEC \/ CAIXA em 31\/07\/2021, com vota\u00e7\u00e3o virtual por meio do <strong><em>site da CONTEC,<\/em><\/strong> <strong>(\u00a0www.contec.org.br\/votacaopropostasaudecaixa2021).<\/strong><\/span><\/p>\n<p>S\u00e3o Jos\u00e9 dos Campos, 26 de outubro de 2021.<\/p>\n<p><strong>Ant\u00f4nio Marcos de Barros<\/strong><\/p>\n<p><strong>Presidente<\/strong><\/p>\n","protected":false},"excerpt":{"rendered":"<p class=\"excerpt\">O Sindicato dos empregados em estabelecimentos banc\u00e1rios de S\u00e3o Jos\u00e9 dos Campos e Regi\u00e3o, convoca todos os empregados (as) da Caixa Econ\u00f4mica Federal para participarem da assembleia geral extraordin\u00e1ria que ser\u00e1 realizada nos dias 28 e 29 de outubro de 2021, das 10:00 horas at\u00e9 as 18:00 horas, de forma virtual, para deliberarem sobre a [&hellip;]<\/p>\n","protected":false},"author":2,"featured_media":14818,"comment_status":"closed","ping_status":"closed","sticky":false,"template":"","format":"standard","meta":{"_et_pb_use_builder":"","_et_pb_old_content":"","_et_gb_content_width":"","footnotes":""},"categories":[8],"tags":[],"class_list":["post-14817","post","type-post","status-publish","format-standard","has-post-thumbnail","hentry","category-caixa-economica-federal"],"_links":{"self":[{"href":"https:\/\/sjcbancarios.com.br\/site\/wp-json\/wp\/v2\/posts\/14817","targetHints":{"allow":["GET"]}}],"collection":[{"href":"https:\/\/sjcbancarios.com.br\/site\/wp-json\/wp\/v2\/posts"}],"about":[{"href":"https:\/\/sjcbancarios.com.br\/site\/wp-json\/wp\/v2\/types\/post"}],"author":[{"embeddable":true,"href":"https:\/\/sjcbancarios.com.br\/site\/wp-json\/wp\/v2\/users\/2"}],"replies":[{"embeddable":true,"href":"https:\/\/sjcbancarios.com.br\/site\/wp-json\/wp\/v2\/comments?post=14817"}],"version-history":[{"count":0,"href":"https:\/\/sjcbancarios.com.br\/site\/wp-json\/wp\/v2\/posts\/14817\/revisions"}],"wp:featuredmedia":[{"embeddable":true,"href":"https:\/\/sjcbancarios.com.br\/site\/wp-json\/wp\/v2\/media\/14818"}],"wp:attachment":[{"href":"https:\/\/sjcbancarios.com.br\/site\/wp-json\/wp\/v2\/media?parent=14817"}],"wp:term":[{"taxonomy":"category","embeddable":true,"href":"https:\/\/sjcbancarios.com.br\/site\/wp-json\/wp\/v2\/categories?post=14817"},{"taxonomy":"post_tag","embeddable":true,"href":"https:\/\/sjcbancarios.com.br\/site\/wp-json\/wp\/v2\/tags?post=14817"}],"curies":[{"name":"wp","href":"https:\/\/api.w.org\/{rel}","templated":true}]}}