{"id":14623,"date":"2021-09-14T10:21:46","date_gmt":"2021-09-14T13:21:46","guid":{"rendered":"https:\/\/sjcbancarios.com.br\/site\/?p=14623"},"modified":"2021-09-15T11:08:59","modified_gmt":"2021-09-15T14:08:59","slug":"clube-de-campo-dos-bancarios-reabre-no-proximo-sabado-dia-04","status":"publish","type":"post","link":"https:\/\/sjcbancarios.com.br\/site\/noticias\/clube-de-campo-dos-bancarios-reabre-no-proximo-sabado-dia-04\/","title":{"rendered":"Clube de Campo dos banc\u00e1rios reabriu no dia 04 de setembro."},"content":{"rendered":"<p style=\"text-align: justify;\"><span style=\"font-family: arial, helvetica, sans-serif;\">Ap\u00f3s quase um ano e meio fechado, por conta da pandemia do novo coronav\u00edrus, que come\u00e7ou no pa\u00eds em meados de mar\u00e7o de 2020, o Clube de Campo do Sindicato dos Banc\u00e1rios de S\u00e3o Jos\u00e9 dos Campos e Regi\u00e3o, finalmente vai reabrir e receber os banc\u00e1rios e seus dependentes.<\/span><\/p>\n<p><span style=\"font-family: arial, helvetica, sans-serif;\">A reabertura aconteceu no dia 04, seguindo todas as orienta\u00e7\u00f5es e determina\u00e7\u00f5es das autoridades acerca dos protocolos sanit\u00e1rios para um funcionamento seguro contra a covid-19.<\/span><\/p>\n<p><a href=\"https:\/\/sjcbancarios.com.br\/site\/wp-content\/uploads\/2021\/08\/1908-recomendacoes-comite-12h.pdf\">CLIQUE AQUI E LEIA COM ATEN\u00c7\u00c3O AS RECOMENDA\u00c7\u00d5ES DA PREFEITURA <\/a><\/p>\n<p><img loading=\"lazy\" decoding=\"async\" class=\"alignnone size-medium wp-image-14632\" src=\"https:\/\/sjcbancarios.com.br\/site\/wp-content\/uploads\/2021\/09\/clube-site-02-450x300.jpg\" alt=\"\" width=\"450\" height=\"300\" srcset=\"https:\/\/sjcbancarios.com.br\/site\/wp-content\/uploads\/2021\/09\/clube-site-02-450x300.jpg 450w, https:\/\/sjcbancarios.com.br\/site\/wp-content\/uploads\/2021\/09\/clube-site-02-1024x683.jpg 1024w, https:\/\/sjcbancarios.com.br\/site\/wp-content\/uploads\/2021\/09\/clube-site-02-768x512.jpg 768w, https:\/\/sjcbancarios.com.br\/site\/wp-content\/uploads\/2021\/09\/clube-site-02-1536x1024.jpg 1536w, https:\/\/sjcbancarios.com.br\/site\/wp-content\/uploads\/2021\/09\/clube-site-02-2048x1365.jpg 2048w, https:\/\/sjcbancarios.com.br\/site\/wp-content\/uploads\/2021\/09\/clube-site-02-24x16.jpg 24w, https:\/\/sjcbancarios.com.br\/site\/wp-content\/uploads\/2021\/09\/clube-site-02-36x24.jpg 36w, https:\/\/sjcbancarios.com.br\/site\/wp-content\/uploads\/2021\/09\/clube-site-02-48x32.jpg 48w, https:\/\/sjcbancarios.com.br\/site\/wp-content\/uploads\/2021\/09\/clube-site-02-272x182.jpg 272w, https:\/\/sjcbancarios.com.br\/site\/wp-content\/uploads\/2021\/09\/clube-site-02-scaled.jpg 2000w\" sizes=\"(max-width: 450px) 100vw, 450px\" \/><\/p>\n<p style=\"text-align: justify;\"><span style=\"font-family: arial, helvetica, sans-serif;\">\u201cA reabertura do Clube de Campo est\u00e1 sendo feita da forma mais segura poss\u00edvel, pois estamos seguindo as medidas de seguran\u00e7a sanit\u00e1rias indicadas pelas autoridades respons\u00e1veis como Minist\u00e9rio da Sa\u00fade, Secretarias estaduais e municipais de Sa\u00fade e Organiza\u00e7\u00e3o Mundial de Sa\u00fade. Por isso \u00e9 de extrema import\u00e2ncia a colabora\u00e7\u00e3o de todos para garantir a permanente redu\u00e7\u00e3o dos riscos de contamina\u00e7\u00e3o. Todos devem fazer a sua parte e seguir os protocolos de prote\u00e7\u00e3o contra a covid-19\u201d, enfatiza Ant\u00f4nio Marcos de Barros, presidente do sindicato.<\/span><\/p>\n<p style=\"text-align: justify;\"><span style=\"font-family: arial, helvetica, sans-serif;\">Entre as medidas de seguran\u00e7a adotadas pelo Sindicato ser\u00e1 obrigat\u00f3rio o uso de m\u00e1scaras, \u00e1lcool gel, limpeza e desinfec\u00e7\u00e3o constante dos sanit\u00e1rios e locais de uso comum, al\u00e9m do distanciamento de mesas em locais de refei\u00e7\u00e3o e de lazer.\u00a0<\/span><\/p>\n<p style=\"text-align: justify;\"><span style=\"font-family: arial, helvetica, sans-serif;\">A piscina continuar\u00e1 fechada e reabre assim que a obra for conclu\u00edda. O bar estar\u00e1 funcionando e as churrasqueiras dever\u00e3o ser reservadas na sede do sindicato pelo telefone (12) 3943-0660.\u00a0<\/span><\/p>\n<p><img loading=\"lazy\" decoding=\"async\" class=\"alignnone size-medium wp-image-14631\" src=\"https:\/\/sjcbancarios.com.br\/site\/wp-content\/uploads\/2021\/09\/clube-site-05-450x300.jpg\" alt=\"\" width=\"450\" height=\"300\" srcset=\"https:\/\/sjcbancarios.com.br\/site\/wp-content\/uploads\/2021\/09\/clube-site-05-450x300.jpg 450w, https:\/\/sjcbancarios.com.br\/site\/wp-content\/uploads\/2021\/09\/clube-site-05-1024x683.jpg 1024w, https:\/\/sjcbancarios.com.br\/site\/wp-content\/uploads\/2021\/09\/clube-site-05-768x512.jpg 768w, https:\/\/sjcbancarios.com.br\/site\/wp-content\/uploads\/2021\/09\/clube-site-05-1536x1024.jpg 1536w, https:\/\/sjcbancarios.com.br\/site\/wp-content\/uploads\/2021\/09\/clube-site-05-2048x1365.jpg 2048w, https:\/\/sjcbancarios.com.br\/site\/wp-content\/uploads\/2021\/09\/clube-site-05-24x16.jpg 24w, https:\/\/sjcbancarios.com.br\/site\/wp-content\/uploads\/2021\/09\/clube-site-05-36x24.jpg 36w, https:\/\/sjcbancarios.com.br\/site\/wp-content\/uploads\/2021\/09\/clube-site-05-48x32.jpg 48w, https:\/\/sjcbancarios.com.br\/site\/wp-content\/uploads\/2021\/09\/clube-site-05-272x182.jpg 272w, https:\/\/sjcbancarios.com.br\/site\/wp-content\/uploads\/2021\/09\/clube-site-05-scaled.jpg 2000w\" sizes=\"(max-width: 450px) 100vw, 450px\" \/><\/p>\n<p style=\"text-align: justify;\"><span style=\"font-family: arial, helvetica, sans-serif;\">Fique atento as regras sanit\u00e1rias e aproveite um clube ainda mais bonito, mais verde e florido, para voc\u00ea e sua fam\u00edlia descansar o corpo e a mente.\u00a0<\/span><\/p>\n<p style=\"text-align: justify;\"><span style=\"font-family: arial, helvetica, sans-serif;\">Fonte: Sindicato dos banc\u00e1rios de S\u00e3o Jos\u00e9 dos Campos e Regi\u00e3o.<\/span><\/p>\n","protected":false},"excerpt":{"rendered":"<p class=\"excerpt\">Ap\u00f3s quase um ano e meio fechado, por conta da pandemia do novo coronav\u00edrus, que come\u00e7ou no pa\u00eds em meados de mar\u00e7o de 2020, o Clube de Campo do Sindicato dos Banc\u00e1rios de S\u00e3o Jos\u00e9 dos Campos e Regi\u00e3o, finalmente vai reabrir e receber os banc\u00e1rios e seus dependentes. A reabertura aconteceu no dia 04, [&hellip;]<\/p>\n","protected":false},"author":2,"featured_media":14640,"comment_status":"closed","ping_status":"closed","sticky":false,"template":"","format":"standard","meta":{"_et_pb_use_builder":"","_et_pb_old_content":"","_et_gb_content_width":"","footnotes":""},"categories":[13],"tags":[],"class_list":["post-14623","post","type-post","status-publish","format-standard","has-post-thumbnail","hentry","category-noticias"],"_links":{"self":[{"href":"https:\/\/sjcbancarios.com.br\/site\/wp-json\/wp\/v2\/posts\/14623","targetHints":{"allow":["GET"]}}],"collection":[{"href":"https:\/\/sjcbancarios.com.br\/site\/wp-json\/wp\/v2\/posts"}],"about":[{"href":"https:\/\/sjcbancarios.com.br\/site\/wp-json\/wp\/v2\/types\/post"}],"author":[{"embeddable":true,"href":"https:\/\/sjcbancarios.com.br\/site\/wp-json\/wp\/v2\/users\/2"}],"replies":[{"embeddable":true,"href":"https:\/\/sjcbancarios.com.br\/site\/wp-json\/wp\/v2\/comments?post=14623"}],"version-history":[{"count":0,"href":"https:\/\/sjcbancarios.com.br\/site\/wp-json\/wp\/v2\/posts\/14623\/revisions"}],"wp:featuredmedia":[{"embeddable":true,"href":"https:\/\/sjcbancarios.com.br\/site\/wp-json\/wp\/v2\/media\/14640"}],"wp:attachment":[{"href":"https:\/\/sjcbancarios.com.br\/site\/wp-json\/wp\/v2\/media?parent=14623"}],"wp:term":[{"taxonomy":"category","embeddable":true,"href":"https:\/\/sjcbancarios.com.br\/site\/wp-json\/wp\/v2\/categories?post=14623"},{"taxonomy":"post_tag","embeddable":true,"href":"https:\/\/sjcbancarios.com.br\/site\/wp-json\/wp\/v2\/tags?post=14623"}],"curies":[{"name":"wp","href":"https:\/\/api.w.org\/{rel}","templated":true}]}}