{"id":14501,"date":"2021-07-28T16:22:57","date_gmt":"2021-07-28T19:22:57","guid":{"rendered":"https:\/\/sjcbancarios.com.br\/site\/?p=14501"},"modified":"2021-08-05T10:02:53","modified_gmt":"2021-08-05T13:02:53","slug":"bolsonaro-edita-mp-que-recria-ministerio-do-trabalho-e-nomeia-onyx-lorenzoni-titular-da-pasta","status":"publish","type":"post","link":"https:\/\/sjcbancarios.com.br\/site\/noticias\/bolsonaro-edita-mp-que-recria-ministerio-do-trabalho-e-nomeia-onyx-lorenzoni-titular-da-pasta\/","title":{"rendered":"Bolsonaro edita MP que recria Minist\u00e9rio do Trabalho e nomeia Onyx Lorenzoni titular da pasta."},"content":{"rendered":"<p style=\"text-align: justify;\"><span style=\"font-family: arial, helvetica, sans-serif;\">O presidente Jair Bolsonaro editou uma Medida Provis\u00f3ria que recria o Minist\u00e9rio do Trabalho e Previd\u00eancia e nomeou Onyx Lorenzoni como titular da pasta. Os atos foram publicados nesta quarta-feira, dia 28, no &#8220;Di\u00e1rio Oficial da Uni\u00e3o&#8221; (DOU).<\/span><\/p>\n<p style=\"text-align: justify;\"><span style=\"font-family: arial, helvetica, sans-serif;\">O Minist\u00e9rio do Trabalho foi criado em 1930, no entanto, no governo do presidente Jair Bolsonaro a pasta foi incorporada ao Minist\u00e9rio da Economia. A mudan\u00e7a integra uma minirreforma ministerial, que inclui altera\u00e7\u00f5es na secretaria-geral da presid\u00eancia e da Casa Civil.<\/span><\/p>\n<p style=\"text-align: justify;\"><span style=\"font-family: arial, helvetica, sans-serif;\">Lorenzoni ocupava o cargo de ministro da Secret\u00e1ria-Geral da Presid\u00eancia da Rep\u00fablica desde fevereiro. Com a mudan\u00e7a, a vaga foi preenchida por Luiz Eduardo Ramos. Ramos era chefe da Casa Civil, que passa a ser ocupada agora pelo senador Ciro Nogueira, presidente do PP e membro do grupo conhecido no Congresso como Centr\u00e3o.<\/span><\/p>\n<p style=\"text-align: justify;\"><span style=\"font-family: arial, helvetica, sans-serif;\">A estrat\u00e9gia de Bolsonaro com o novo desenho da Esplanada \u00e9 ganhar mais apoio no Congresso, em especial no Senado, onde a Comiss\u00e3o Parlamentar de Inqu\u00e9rito (CPI) da Covid vem causando desgastes ao governo.<\/span><\/p>\n<p style=\"text-align: justify;\"><strong><span style=\"font-family: arial, helvetica, sans-serif;\">Minist\u00e9rio do Trabalho e Previd\u00eancia<\/span><\/strong><br \/>\n<span style=\"font-family: arial, helvetica, sans-serif;\">De acordo com a Medida Provis\u00f3ria, o Minist\u00e9rio do Trabalho e Previd\u00eancia ficar\u00e1 respons\u00e1vel pelos seguintes assuntos:<\/span><\/p>\n<p style=\"text-align: justify;\"><span style=\"font-family: arial, helvetica, sans-serif;\">Previd\u00eancia;<\/span><br \/>\n<span style=\"font-family: arial, helvetica, sans-serif;\">Previd\u00eancia complementar;<\/span><br \/>\n<span style=\"font-family: arial, helvetica, sans-serif;\">Pol\u00edticas e diretrizes para gera\u00e7\u00e3o de emprego e renda e de apoio ao trabalhador;<\/span><br \/>\n<span style=\"font-family: arial, helvetica, sans-serif;\">Pol\u00edticas e diretrizes para a moderniza\u00e7\u00e3o das rela\u00e7\u00f5es de trabalho;<\/span><br \/>\n<span style=\"font-family: arial, helvetica, sans-serif;\">Fiscaliza\u00e7\u00e3o do trabalho, inclusive do trabalho portu\u00e1rio, e aplica\u00e7\u00e3o das san\u00e7\u00f5es previstas em normas legais ou coletivas;<\/span><br \/>\n<span style=\"font-family: arial, helvetica, sans-serif;\">Pol\u00edtica salarial;<\/span><br \/>\n<span style=\"font-family: arial, helvetica, sans-serif;\">Intermedia\u00e7\u00e3o de m\u00e3o de obra, forma\u00e7\u00e3o e desenvolvimento profissional; seguran\u00e7a e sa\u00fade no trabalho; regula\u00e7\u00e3o profissional;<\/span><br \/>\n<span style=\"font-family: arial, helvetica, sans-serif;\">Registro sindical.<\/span><\/p>\n<p style=\"text-align: justify;\"><span style=\"font-family: arial, helvetica, sans-serif;\">Entre os conselhos que comp\u00f5em a pasta, est\u00e3o o Conselho Curador do Fundo de Garantia do Tempo de Servi\u00e7o (FGTS) e o Conselho Deliberativo do Fundo de Amparo ao Trabalhador (FAT).<\/span><\/p>\n<p>Fonte: G1<\/p>\n","protected":false},"excerpt":{"rendered":"<p class=\"excerpt\">O presidente Jair Bolsonaro editou uma Medida Provis\u00f3ria que recria o Minist\u00e9rio do Trabalho e Previd\u00eancia e nomeou Onyx Lorenzoni como titular da pasta. Os atos foram publicados nesta quarta-feira, dia 28, no &#8220;Di\u00e1rio Oficial da Uni\u00e3o&#8221; (DOU). O Minist\u00e9rio do Trabalho foi criado em 1930, no entanto, no governo do presidente Jair Bolsonaro a [&hellip;]<\/p>\n","protected":false},"author":2,"featured_media":14502,"comment_status":"closed","ping_status":"closed","sticky":false,"template":"","format":"standard","meta":{"_et_pb_use_builder":"","_et_pb_old_content":"","_et_gb_content_width":"","footnotes":""},"categories":[13],"tags":[],"class_list":["post-14501","post","type-post","status-publish","format-standard","has-post-thumbnail","hentry","category-noticias"],"_links":{"self":[{"href":"https:\/\/sjcbancarios.com.br\/site\/wp-json\/wp\/v2\/posts\/14501","targetHints":{"allow":["GET"]}}],"collection":[{"href":"https:\/\/sjcbancarios.com.br\/site\/wp-json\/wp\/v2\/posts"}],"about":[{"href":"https:\/\/sjcbancarios.com.br\/site\/wp-json\/wp\/v2\/types\/post"}],"author":[{"embeddable":true,"href":"https:\/\/sjcbancarios.com.br\/site\/wp-json\/wp\/v2\/users\/2"}],"replies":[{"embeddable":true,"href":"https:\/\/sjcbancarios.com.br\/site\/wp-json\/wp\/v2\/comments?post=14501"}],"version-history":[{"count":0,"href":"https:\/\/sjcbancarios.com.br\/site\/wp-json\/wp\/v2\/posts\/14501\/revisions"}],"wp:featuredmedia":[{"embeddable":true,"href":"https:\/\/sjcbancarios.com.br\/site\/wp-json\/wp\/v2\/media\/14502"}],"wp:attachment":[{"href":"https:\/\/sjcbancarios.com.br\/site\/wp-json\/wp\/v2\/media?parent=14501"}],"wp:term":[{"taxonomy":"category","embeddable":true,"href":"https:\/\/sjcbancarios.com.br\/site\/wp-json\/wp\/v2\/categories?post=14501"},{"taxonomy":"post_tag","embeddable":true,"href":"https:\/\/sjcbancarios.com.br\/site\/wp-json\/wp\/v2\/tags?post=14501"}],"curies":[{"name":"wp","href":"https:\/\/api.w.org\/{rel}","templated":true}]}}