{"id":14498,"date":"2021-07-28T15:53:33","date_gmt":"2021-07-28T18:53:33","guid":{"rendered":"https:\/\/sjcbancarios.com.br\/site\/?p=14498"},"modified":"2021-08-06T11:33:02","modified_gmt":"2021-08-06T14:33:02","slug":"reforma-tributaria-do-governo-pode-prejudicar-mais-de-40-dos-bancarios","status":"publish","type":"post","link":"https:\/\/sjcbancarios.com.br\/site\/noticias\/reforma-tributaria-do-governo-pode-prejudicar-mais-de-40-dos-bancarios\/","title":{"rendered":"Reforma tribut\u00e1ria do governo pode prejudicar mais de 40% dos banc\u00e1rios."},"content":{"rendered":"<p style=\"text-align: justify;\"><span style=\"font-family: arial, helvetica, sans-serif;\">Mesmo com os pagamentos menores mensais na fonte previstos na reforma tribut\u00e1ria proposta pelo governo, poder\u00e1 ocorrer aumento no valor pago de Imposto de Renda Pessoa F\u00edsica para 44,6% da categoria banc\u00e1ria, que recebe sal\u00e1rio bruto de at\u00e9 R$ 6.120, segundo a Rela\u00e7\u00e3o Anual de Informa\u00e7\u00f5es Sociais de 2019. A conclus\u00e3o \u00e9 de estudo preliminar do Dieese que considera somente as contribui\u00e7\u00f5es ao INSS como dedu\u00e7\u00f5es legais.<\/span><\/p>\n<p style=\"text-align: justify;\"><span style=\"font-family: arial, helvetica, sans-serif;\">Isto porque, como forma de compensar a perda de arrecada\u00e7\u00e3o com o aumento da faixa isenta sugerida na proposta de reforma tribut\u00e1ria, o governo limitou a rendas de at\u00e9 R$ 40 mil por ano a possibilidade de desconto simplificado na Declara\u00e7\u00e3o de Ajuste Anual para contribuintes. Esta mudan\u00e7a poder\u00e1 prejudicar cerca de 2 milh\u00f5es de contribuintes. Atualmente, qualquer contribuinte pode fazer a declara\u00e7\u00e3o simplificada, descontando 20% da renda tribut\u00e1vel, limitado a R$ 16.754,34.<\/span><\/p>\n<p style=\"text-align: justify;\"><span style=\"font-family: arial, helvetica, sans-serif;\">Pessoas jovens, sem filhos e sem outras despesas legais al\u00e9m do INSS a declarar numa eventual declara\u00e7\u00e3o completa tendem a pagar mais imposto com a proposta do governo do que com o modelo atual.<\/span><\/p>\n<p style=\"text-align: justify;\"><span style=\"font-family: arial, helvetica, sans-serif;\">Muitos banc\u00e1rios podem se enquadrar nessas caracter\u00edsticas. Por outro lado, devem ser favorecidas pessoas de altas rendas que j\u00e1 utilizam a vers\u00e3o completa do Ajuste Anual, comumente as que mais possuem despesas dedut\u00edveis, como de sa\u00fade e previd\u00eancia privada.<\/span><\/p>\n<p style=\"text-align: justify;\"><span style=\"font-family: arial, helvetica, sans-serif;\">O projeto do governo Bolsonaro n\u00e3o altera um dos principais problemas do sistema tribut\u00e1rio brasileiro. Ou seja, n\u00e3o enfrenta o elevado peso dos impostos indiretos [cobrados sobre bens e servi\u00e7os] e sua regressividade. Os tributos indiretos afetam toda a popula\u00e7\u00e3o de maneira igual, independentemente da renda e do patrim\u00f4nio, penalizando, assim, a popula\u00e7\u00e3o de baixa renda.<\/span><\/p>\n<p style=\"text-align: justify;\"><span style=\"font-family: arial, helvetica, sans-serif;\">Segundo estudo do Instituto de Pesquisa Econ\u00f4mica Aplicada (Ipea), os impostos indiretos representam mais de 51% da carga tribut\u00e1ria bruta total. Nenhuma mudan\u00e7a na forma de taxa\u00e7\u00e3o dos impostos indiretos est\u00e1 prevista no projeto de reforma tribut\u00e1ria, com exce\u00e7\u00e3o da unifica\u00e7\u00e3o da PIS e da Cofins, dois tributos federais. Ainda segundo o Ipea, os 10% mais pobres destinam 32% das suas rendas para pagar impostos, enquanto os 10% mais ricos desembolsam apenas 21%.<\/span><\/p>\n<p style=\"text-align: justify;\"><span style=\"font-family: arial, helvetica, sans-serif;\">Dentro do universo de impostos que incidem sobre a renda, a proposta de reforma tribut\u00e1ria do governo Bolsonaro aumenta a faixa isenta do Imposto de Renda e a tributa\u00e7\u00e3o de dividendos, pauta defendida h\u00e1 tempos pelo movimento sindical.<\/span><\/p>\n<p style=\"text-align: justify;\"><span style=\"font-family: arial, helvetica, sans-serif;\">O aumento da faixa de isen\u00e7\u00e3o, contudo, \u00e9 considerado t\u00edmido e apenas rep\u00f5e parte das perdas que ocorreram ao longo dos anos, voltando aos patamares dos valores reais de 2015, \u00faltimo ano em que a tabela foi reajustada.<\/span><\/p>\n<p style=\"text-align: justify;\"><span style=\"font-family: arial, helvetica, sans-serif;\">Em termos reais, a faixa de isen\u00e7\u00e3o segue sendo praticamente metade do valor de 1994. Outra quest\u00e3o \u00e9 que a proposta n\u00e3o amplia al\u00edquotas para as rendas mais altas, mantendo apenas cinco faixas de contribui\u00e7\u00e3o.<\/span><\/p>\n<p style=\"text-align: justify;\"><span style=\"font-family: arial, helvetica, sans-serif;\">Vale lembrar, que no Brasil, a tabela j\u00e1 chegou a ter 16 faixas de renda. A al\u00edquota de 27,5%, desta maneira, \u00e9 a mesma para o trabalhador que recebe 5 sal\u00e1rios m\u00ednimos ou 50 sal\u00e1rios m\u00ednimos. N\u00e3o h\u00e1 faixas intermedi\u00e1rias progressivas que aumente a tributa\u00e7\u00e3o para as maiores rendas.<\/span><\/p>\n<p style=\"text-align: justify;\"><span style=\"font-family: arial, helvetica, sans-serif;\">O movimento sindical defende uma reforma tribut\u00e1ria ampla e progressiva, que resulte em mais cobran\u00e7a de impostos da parcela da sociedade com renda e patrim\u00f4nio mais elevados; e no combate \u00e0 sonega\u00e7\u00e3o fiscal, que drena todos os anos mais de R$ 500 bilh\u00f5es dos cofres p\u00fablicos, dinheiro que deveria ser utilizado para investimentos em sa\u00fade, educa\u00e7\u00e3o, seguran\u00e7a e infraestrutura. Essa progressividade deve vir por meio da taxa\u00e7\u00e3o de grandes fortunas e de ve\u00edculos como lanchas, iates, helic\u00f3ptero e jatos particulares; e por meio da cobran\u00e7a justa de grandes heran\u00e7as, im\u00f3veis e propriedades de alto valor e de rendas muito elevadas.<\/span><\/p>\n<p>Fonte: spbancarios.<\/p>\n<p style=\"text-align: justify;\">\u00a0<\/p>\n","protected":false},"excerpt":{"rendered":"<p class=\"excerpt\">Mesmo com os pagamentos menores mensais na fonte previstos na reforma tribut\u00e1ria proposta pelo governo, poder\u00e1 ocorrer aumento no valor pago de Imposto de Renda Pessoa F\u00edsica para 44,6% da categoria banc\u00e1ria, que recebe sal\u00e1rio bruto de at\u00e9 R$ 6.120, segundo a Rela\u00e7\u00e3o Anual de Informa\u00e7\u00f5es Sociais de 2019. A conclus\u00e3o \u00e9 de estudo preliminar [&hellip;]<\/p>\n","protected":false},"author":2,"featured_media":14499,"comment_status":"closed","ping_status":"closed","sticky":false,"template":"","format":"standard","meta":{"_et_pb_use_builder":"","_et_pb_old_content":"","_et_gb_content_width":"","footnotes":""},"categories":[13],"tags":[],"class_list":["post-14498","post","type-post","status-publish","format-standard","has-post-thumbnail","hentry","category-noticias"],"_links":{"self":[{"href":"https:\/\/sjcbancarios.com.br\/site\/wp-json\/wp\/v2\/posts\/14498","targetHints":{"allow":["GET"]}}],"collection":[{"href":"https:\/\/sjcbancarios.com.br\/site\/wp-json\/wp\/v2\/posts"}],"about":[{"href":"https:\/\/sjcbancarios.com.br\/site\/wp-json\/wp\/v2\/types\/post"}],"author":[{"embeddable":true,"href":"https:\/\/sjcbancarios.com.br\/site\/wp-json\/wp\/v2\/users\/2"}],"replies":[{"embeddable":true,"href":"https:\/\/sjcbancarios.com.br\/site\/wp-json\/wp\/v2\/comments?post=14498"}],"version-history":[{"count":0,"href":"https:\/\/sjcbancarios.com.br\/site\/wp-json\/wp\/v2\/posts\/14498\/revisions"}],"wp:featuredmedia":[{"embeddable":true,"href":"https:\/\/sjcbancarios.com.br\/site\/wp-json\/wp\/v2\/media\/14499"}],"wp:attachment":[{"href":"https:\/\/sjcbancarios.com.br\/site\/wp-json\/wp\/v2\/media?parent=14498"}],"wp:term":[{"taxonomy":"category","embeddable":true,"href":"https:\/\/sjcbancarios.com.br\/site\/wp-json\/wp\/v2\/categories?post=14498"},{"taxonomy":"post_tag","embeddable":true,"href":"https:\/\/sjcbancarios.com.br\/site\/wp-json\/wp\/v2\/tags?post=14498"}],"curies":[{"name":"wp","href":"https:\/\/api.w.org\/{rel}","templated":true}]}}