{"id":14416,"date":"2021-07-01T07:34:07","date_gmt":"2021-07-01T10:34:07","guid":{"rendered":"https:\/\/sjcbancarios.com.br\/site\/?p=14416"},"modified":"2021-07-06T15:54:27","modified_gmt":"2021-07-06T18:54:27","slug":"quevergonhaitau-bancarios-do-itau-lancam-campanha-contra-demissoes-e-metas-abusivas","status":"publish","type":"post","link":"https:\/\/sjcbancarios.com.br\/site\/noticias\/quevergonhaitau-bancarios-do-itau-lancam-campanha-contra-demissoes-e-metas-abusivas\/","title":{"rendered":"#QueVergonhaIta\u00fa: Banc\u00e1rios do Ita\u00fa lan\u00e7am campanha contra demiss\u00f5es e metas abusivas."},"content":{"rendered":"<p style=\"text-align: justify;\"><span style=\"font-family: arial, helvetica, sans-serif;\">Os sucessivos processos de reestrutura\u00e7\u00e3o do Ita\u00fa t\u00eam afetado significativamente os trabalhadores por meio de demiss\u00f5es, fechamento de ag\u00eancias e altera\u00e7\u00e3o nas fun\u00e7\u00f5es.<\/span><\/p>\n<p style=\"text-align: justify;\"><span style=\"font-family: arial, helvetica, sans-serif;\">Simultaneamente, os programas de metas abusivas determinados pela dire\u00e7\u00e3o do Banco t\u00eam gerado uma realidade de ass\u00e9dio moral institucionalizado na empresa, o que tamb\u00e9m tem resultado no adoecimento de um grande n\u00famero de banc\u00e1rios. Todas estas medidas causadas pela dire\u00e7\u00e3o da institui\u00e7\u00e3o financeira elevam a sobrecarga de trabalho e ampliam a rotatividade nos postos de trabalho.<\/span><\/p>\n<p style=\"text-align: justify;\"><span style=\"font-family: arial, helvetica, sans-serif;\">Diante deste cen\u00e1rio extremamente nocivo aos trabalhadores, a COE (Comiss\u00e3o dos Empregados) do Ita\u00fa lan\u00e7ou na ultima sexta-feira, dia 25, uma campanha a fim de pressionar a dire\u00e7\u00e3o do Ita\u00fa a rever estas pr\u00e1ticas que causam sofrimento em um grande n\u00famero de banc\u00e1rios, bem como para alertar a sociedade a respeito dos problemas pelos quais enfrentam cotidianamente os empregados de uma das maiores institui\u00e7\u00f5es financeiras do pa\u00eds.<\/span><\/p>\n<p style=\"text-align: justify;\"><span style=\"font-family: arial, helvetica, sans-serif;\">O lan\u00e7amento da campanha nas redes sociais, com a hashtag #QueVergonhaIta\u00fa.<\/span><\/p>\n<p style=\"text-align: justify;\"><span style=\"font-family: arial, helvetica, sans-serif;\">&#8220;\u00c9 importante que os banc\u00e1rios participem ativamente em suas redes sociais usando a hashtag #QueVergonhaIta\u00fa. Vamos juntos nessa luta&#8221;, convoca, Ant\u00f4nio Marcos de Barros, presidente do Sindicato.<\/span><\/p>\n<p><span style=\"font-family: arial, helvetica, sans-serif;\">Fonte: Federa\u00e7\u00e3o dos banc\u00e1rios de SPMS<\/span><\/p>\n<p style=\"text-align: justify;\">\u00a0<\/p>\n","protected":false},"excerpt":{"rendered":"<p class=\"excerpt\">Os sucessivos processos de reestrutura\u00e7\u00e3o do Ita\u00fa t\u00eam afetado significativamente os trabalhadores por meio de demiss\u00f5es, fechamento de ag\u00eancias e altera\u00e7\u00e3o nas fun\u00e7\u00f5es. Simultaneamente, os programas de metas abusivas determinados pela dire\u00e7\u00e3o do Banco t\u00eam gerado uma realidade de ass\u00e9dio moral institucionalizado na empresa, o que tamb\u00e9m tem resultado no adoecimento de um grande n\u00famero [&hellip;]<\/p>\n","protected":false},"author":2,"featured_media":14426,"comment_status":"closed","ping_status":"closed","sticky":false,"template":"","format":"standard","meta":{"_et_pb_use_builder":"","_et_pb_old_content":"","_et_gb_content_width":"","footnotes":""},"categories":[13],"tags":[],"class_list":["post-14416","post","type-post","status-publish","format-standard","has-post-thumbnail","hentry","category-noticias"],"_links":{"self":[{"href":"https:\/\/sjcbancarios.com.br\/site\/wp-json\/wp\/v2\/posts\/14416","targetHints":{"allow":["GET"]}}],"collection":[{"href":"https:\/\/sjcbancarios.com.br\/site\/wp-json\/wp\/v2\/posts"}],"about":[{"href":"https:\/\/sjcbancarios.com.br\/site\/wp-json\/wp\/v2\/types\/post"}],"author":[{"embeddable":true,"href":"https:\/\/sjcbancarios.com.br\/site\/wp-json\/wp\/v2\/users\/2"}],"replies":[{"embeddable":true,"href":"https:\/\/sjcbancarios.com.br\/site\/wp-json\/wp\/v2\/comments?post=14416"}],"version-history":[{"count":0,"href":"https:\/\/sjcbancarios.com.br\/site\/wp-json\/wp\/v2\/posts\/14416\/revisions"}],"wp:featuredmedia":[{"embeddable":true,"href":"https:\/\/sjcbancarios.com.br\/site\/wp-json\/wp\/v2\/media\/14426"}],"wp:attachment":[{"href":"https:\/\/sjcbancarios.com.br\/site\/wp-json\/wp\/v2\/media?parent=14416"}],"wp:term":[{"taxonomy":"category","embeddable":true,"href":"https:\/\/sjcbancarios.com.br\/site\/wp-json\/wp\/v2\/categories?post=14416"},{"taxonomy":"post_tag","embeddable":true,"href":"https:\/\/sjcbancarios.com.br\/site\/wp-json\/wp\/v2\/tags?post=14416"}],"curies":[{"name":"wp","href":"https:\/\/api.w.org\/{rel}","templated":true}]}}