{"id":14403,"date":"2021-06-26T19:32:51","date_gmt":"2021-06-26T22:32:51","guid":{"rendered":"https:\/\/sjcbancarios.com.br\/site\/?p=14403"},"modified":"2021-07-01T15:11:37","modified_gmt":"2021-07-01T18:11:37","slug":"comunicado-faleceu-na-tarde-de-hoje-26-o-companheiro-jeferson-presidente-da-federacao-dos-bancarios-de-spms","status":"publish","type":"post","link":"https:\/\/sjcbancarios.com.br\/site\/noticias\/comunicado-faleceu-na-tarde-de-hoje-26-o-companheiro-jeferson-presidente-da-federacao-dos-bancarios-de-spms\/","title":{"rendered":"Comunicado &#8211; Faleceu na tarde de hoje, 26, o companheiro Jeferson, presidente da Federa\u00e7\u00e3o dos banc\u00e1rios de SPMS."},"content":{"rendered":"<p style=\"text-align: justify;\"><span style=\"font-family: arial, helvetica, sans-serif;\">A diretoria do Sindicato comunica o falecimento do companheiro Jeferson Boava, na tarde deste s\u00e1bado, 26 de junho, em Campinas. Nosso querido companheiro, era banc\u00e1rio do Banco do Brasil, oriundo do ex-Banco Nossa Caixa (BNC), foi presidente do Sindicato dos Banc\u00e1rios de Campinas por dois mandatos (2010-2013 e 2013-2016) e exercia a presid\u00eancia da Federa\u00e7\u00e3o dos Banc\u00e1rios de SP e MS desde abril de 2020.<\/span><\/p>\n<p style=\"text-align: justify;\"><span style=\"font-family: arial, helvetica, sans-serif;\">Lideran\u00e7a nacional, participou durante anos do processo de negocia\u00e7\u00e3o entre o Comando dos Banc\u00e1rios e a Federa\u00e7\u00e3o Nacional dos Bancos (Fenaban), Jeferson Boava foi mais uma v\u00edtima da Covid-19. \u201cPerdemos um grande\u00a0 companheiro de luta. Sem d\u00favida uma perda irrepar\u00e1vel para o movimento sindical. A diretoria do Sindicato se solidariza com os familiares e amigos de Jeferson\u201d, destaca o presidente Ant\u00f4nio Marcos de Barros, presidente do Sindicato.<\/span><\/p>\n<p><span style=\"font-family: arial, helvetica, sans-serif;\">O sepultamento ocorre neste domingo, em Itatiba.\u00a0<\/span><\/p>\n<p><span style=\"font-family: arial, helvetica, sans-serif;\">Fonte: Federa\u00e7\u00e3o dos Banc\u00e1rios de SPMS<\/span><\/p>\n","protected":false},"excerpt":{"rendered":"<p class=\"excerpt\">A diretoria do Sindicato comunica o falecimento do companheiro Jeferson Boava, na tarde deste s\u00e1bado, 26 de junho, em Campinas. Nosso querido companheiro, era banc\u00e1rio do Banco do Brasil, oriundo do ex-Banco Nossa Caixa (BNC), foi presidente do Sindicato dos Banc\u00e1rios de Campinas por dois mandatos (2010-2013 e 2013-2016) e exercia a presid\u00eancia da Federa\u00e7\u00e3o [&hellip;]<\/p>\n","protected":false},"author":2,"featured_media":14404,"comment_status":"closed","ping_status":"closed","sticky":false,"template":"","format":"standard","meta":{"_et_pb_use_builder":"","_et_pb_old_content":"","_et_gb_content_width":"","footnotes":""},"categories":[13],"tags":[],"class_list":["post-14403","post","type-post","status-publish","format-standard","has-post-thumbnail","hentry","category-noticias"],"_links":{"self":[{"href":"https:\/\/sjcbancarios.com.br\/site\/wp-json\/wp\/v2\/posts\/14403","targetHints":{"allow":["GET"]}}],"collection":[{"href":"https:\/\/sjcbancarios.com.br\/site\/wp-json\/wp\/v2\/posts"}],"about":[{"href":"https:\/\/sjcbancarios.com.br\/site\/wp-json\/wp\/v2\/types\/post"}],"author":[{"embeddable":true,"href":"https:\/\/sjcbancarios.com.br\/site\/wp-json\/wp\/v2\/users\/2"}],"replies":[{"embeddable":true,"href":"https:\/\/sjcbancarios.com.br\/site\/wp-json\/wp\/v2\/comments?post=14403"}],"version-history":[{"count":0,"href":"https:\/\/sjcbancarios.com.br\/site\/wp-json\/wp\/v2\/posts\/14403\/revisions"}],"wp:featuredmedia":[{"embeddable":true,"href":"https:\/\/sjcbancarios.com.br\/site\/wp-json\/wp\/v2\/media\/14404"}],"wp:attachment":[{"href":"https:\/\/sjcbancarios.com.br\/site\/wp-json\/wp\/v2\/media?parent=14403"}],"wp:term":[{"taxonomy":"category","embeddable":true,"href":"https:\/\/sjcbancarios.com.br\/site\/wp-json\/wp\/v2\/categories?post=14403"},{"taxonomy":"post_tag","embeddable":true,"href":"https:\/\/sjcbancarios.com.br\/site\/wp-json\/wp\/v2\/tags?post=14403"}],"curies":[{"name":"wp","href":"https:\/\/api.w.org\/{rel}","templated":true}]}}