{"id":14373,"date":"2021-06-18T15:35:47","date_gmt":"2021-06-18T18:35:47","guid":{"rendered":"https:\/\/sjcbancarios.com.br\/site\/?p=14373"},"modified":"2021-06-18T15:35:47","modified_gmt":"2021-06-18T18:35:47","slug":"verocard-reclamacoes-nao-sao-suficientes-para-direcao-da-caixa-resolver-problema","status":"publish","type":"post","link":"https:\/\/sjcbancarios.com.br\/site\/noticias\/verocard-reclamacoes-nao-sao-suficientes-para-direcao-da-caixa-resolver-problema\/","title":{"rendered":"Verocard: Reclama\u00e7\u00f5es n\u00e3o s\u00e3o suficientes para dire\u00e7\u00e3o da Caixa resolver problema."},"content":{"rendered":"<div>\u00a0<\/div>\n<div>\n<div>\n<p style=\"text-align: justify;\"><span style=\"font-family: arial, helvetica, sans-serif;\">Dirigentes da Federa\u00e7\u00e3o dos Banc\u00e1rios do Estado de S\u00e3o Paulo e Mato Grosso do Sul (FEEB), Sindicato dos Banc\u00e1rios de S\u00e3o Paulo, Osasco e Regi\u00e3o, da Apcef\/SP e da Fetec-CUT\/SP reuniram-se, no \u00faltimo dia 10, com representantes da Caixa Econ\u00f4mica Federal da Geber (Gest\u00e3o de Benef\u00edcios) e da Gipes (Gest\u00e3o de Pessoas) para cobrar, mais uma vez, uma solu\u00e7\u00e3o com rela\u00e7\u00e3o \u00e0 Verocard, em face do grande volume de reclama\u00e7\u00f5es desde que a bandeira passou a ser disponibilizada aos empregados do banco.<\/span><\/p>\n<p style=\"text-align: justify;\"><span style=\"font-family: arial, helvetica, sans-serif;\">Durante o encontro, foi apresentado um relat\u00f3rio com o levantamento realizado nos meses de abril e maio. A sondagem ouviu mais de 4 mil banc\u00e1rios e apontou que 72% relataram problemas para utiliza\u00e7\u00e3o do benef\u00edcio. Ainda segundo a pesquisa, 97% dos entrevistados s\u00e3o contra a renova\u00e7\u00e3o de contrato com a Verocard.<\/span><\/p>\n<p style=\"text-align: justify;\"><span style=\"font-family: arial, helvetica, sans-serif;\">Considerando o resultado do levantamento e o fato de a Verocard ainda n\u00e3o ter conseguido se vincular a nenhum aplicativo de entrega \u2013 o que \u00e9 essencial durante a pandemia \u2013, os representantes dos empregados solicitaram que a Geber (\u00e1rea da matriz respons\u00e1vel pela gest\u00e3o dos vales alimenta\u00e7\u00e3o e refei\u00e7\u00e3o) realizasse um novo processo licitat\u00f3rio ao inv\u00e9s de renovar com a Verocard, o que est\u00e1 previsto no contrato entre o banco e a empresa.<\/span><\/p>\n<p style=\"text-align: justify;\"><span style=\"font-family: arial, helvetica, sans-serif;\">Para Carlos Augusto Pipoca, representante da Federa\u00e7\u00e3o dos Banc\u00e1rios de S\u00e3o Paulo e Mato Grosso do Sul na Comiss\u00e3o Executiva dos Empregados da Caixa, &#8220;o baixo alcance da rede credenciada \u00e9 um dificultador para os usu\u00e1rios, os quais precisaram mudar de estabelecimentos por n\u00e3o conseguirem utilizar os cart\u00f5es. Essa insatisfa\u00e7\u00e3o se expressa nos resultados da pesquisa, que aponta o desejo de n\u00e3o renovar o contrato com a Verocard&#8221;<\/span><\/p>\n<p style=\"text-align: justify;\"><strong><span style=\"font-family: arial, helvetica, sans-serif;\">Hist\u00f3rico<\/span><\/strong><br \/>\n<span style=\"font-family: arial, helvetica, sans-serif;\">A Verocard foi vencedora da licita\u00e7\u00e3o realizada em 2020, ap\u00f3s determina\u00e7\u00e3o do TCU estabelecer a necessidade de certame regional para fornecimento de cart\u00f5es de alimenta\u00e7\u00e3o e refei\u00e7\u00e3o aos funcion\u00e1rios do Banco.<\/span><br \/>\n<span style=\"font-family: arial, helvetica, sans-serif;\">Ainda em 2020, as empresas participantes do processo licitat\u00f3rio alegaram dificuldades para atingir o n\u00famero de credenciados exigido pelo edital. Surpreendentemente, a Verocard alegou que n\u00e3o teria problemas para ampliar sua rede e venceu a licita\u00e7\u00e3o, publicada no mesmo dia em que a pandemia foi oficializada no Brasil.<\/span><\/p>\n<\/div>\n<p>Fonte: Federa\u00e7\u00e3o dos banc\u00e1rios de SPMS<\/p>\n<\/div>\n","protected":false},"excerpt":{"rendered":"<p class=\"excerpt\">\u00a0 Dirigentes da Federa\u00e7\u00e3o dos Banc\u00e1rios do Estado de S\u00e3o Paulo e Mato Grosso do Sul (FEEB), Sindicato dos Banc\u00e1rios de S\u00e3o Paulo, Osasco e Regi\u00e3o, da Apcef\/SP e da Fetec-CUT\/SP reuniram-se, no \u00faltimo dia 10, com representantes da Caixa Econ\u00f4mica Federal da Geber (Gest\u00e3o de Benef\u00edcios) e da Gipes (Gest\u00e3o de Pessoas) para cobrar, [&hellip;]<\/p>\n","protected":false},"author":2,"featured_media":14375,"comment_status":"closed","ping_status":"closed","sticky":false,"template":"","format":"standard","meta":{"_et_pb_use_builder":"","_et_pb_old_content":"","_et_gb_content_width":"","footnotes":""},"categories":[13],"tags":[],"class_list":["post-14373","post","type-post","status-publish","format-standard","has-post-thumbnail","hentry","category-noticias"],"_links":{"self":[{"href":"https:\/\/sjcbancarios.com.br\/site\/wp-json\/wp\/v2\/posts\/14373","targetHints":{"allow":["GET"]}}],"collection":[{"href":"https:\/\/sjcbancarios.com.br\/site\/wp-json\/wp\/v2\/posts"}],"about":[{"href":"https:\/\/sjcbancarios.com.br\/site\/wp-json\/wp\/v2\/types\/post"}],"author":[{"embeddable":true,"href":"https:\/\/sjcbancarios.com.br\/site\/wp-json\/wp\/v2\/users\/2"}],"replies":[{"embeddable":true,"href":"https:\/\/sjcbancarios.com.br\/site\/wp-json\/wp\/v2\/comments?post=14373"}],"version-history":[{"count":0,"href":"https:\/\/sjcbancarios.com.br\/site\/wp-json\/wp\/v2\/posts\/14373\/revisions"}],"wp:featuredmedia":[{"embeddable":true,"href":"https:\/\/sjcbancarios.com.br\/site\/wp-json\/wp\/v2\/media\/14375"}],"wp:attachment":[{"href":"https:\/\/sjcbancarios.com.br\/site\/wp-json\/wp\/v2\/media?parent=14373"}],"wp:term":[{"taxonomy":"category","embeddable":true,"href":"https:\/\/sjcbancarios.com.br\/site\/wp-json\/wp\/v2\/categories?post=14373"},{"taxonomy":"post_tag","embeddable":true,"href":"https:\/\/sjcbancarios.com.br\/site\/wp-json\/wp\/v2\/tags?post=14373"}],"curies":[{"name":"wp","href":"https:\/\/api.w.org\/{rel}","templated":true}]}}