{"id":14361,"date":"2021-07-16T12:05:56","date_gmt":"2021-07-16T15:05:56","guid":{"rendered":"https:\/\/sjcbancarios.com.br\/site\/?p=14361"},"modified":"2021-07-16T12:21:52","modified_gmt":"2021-07-16T15:21:52","slug":"atencao-bancarios-do-santander-aposentados-e-demitidos-sem-justa-causa","status":"publish","type":"post","link":"https:\/\/sjcbancarios.com.br\/site\/noticias\/atencao-bancarios-do-santander-aposentados-e-demitidos-sem-justa-causa\/","title":{"rendered":"ATEN\u00c7\u00c3O: Banc\u00e1rios do Santander aposentados e demitidos sem justa causa."},"content":{"rendered":"<p style=\"text-align: justify;\"><span style=\"font-family: arial, helvetica, sans-serif;\">O Sindicato dos Banc\u00e1rios de S\u00e3o Jos\u00e9 dos Campos e Regi\u00e3o convoca todos os <em><strong>empregados aposentados e demitidos sem justa causa<\/strong><\/em><\/span><span style=\"font-family: arial, helvetica, sans-serif;\"><em><strong>,<\/strong><\/em> do Banco Santander, que foram atingidos pelo reajuste ilegal ocorrido <\/span><span style=\"font-family: arial, helvetica, sans-serif;\"><em><strong>entre novembro de 2013 a fevereiro de 2019<\/strong><\/em>, referente ao plano de assist\u00eancia m\u00e9dica, a comparecerem no Sindicato para apresenta\u00e7\u00e3o da documenta\u00e7\u00e3o \/ comprovantes de pagamentos dos conv\u00eanios de outubro de 2013 em diante, para o c\u00e1lculo dos preju\u00edzos e apresenta\u00e7\u00e3o de valores no processo com pedido de ressarcimentos dos valores <\/span><span style=\"font-family: arial, helvetica, sans-serif;\">pagos a maior, nos termos da condena\u00e7\u00e3o do Banco.<\/span><br \/>\n<span style=\"font-family: arial, helvetica, sans-serif;\">Ser\u00e1 necess\u00e1rio apresentar ao Sindicato c\u00f3pia do RG e CPF, Carteira de Trabalho, comprovante de resid\u00eancia e pagamentos do plano de sa\u00fade, de outubro de 2013 em diante.<\/span><br \/>\n<span style=\"font-family: arial, helvetica, sans-serif;\">Os documentos devem ser apresentados at\u00e9 no m\u00e1ximo 31 de julho 2021.<\/span><\/p>\n<p style=\"text-align: justify;\"><span style=\"font-family: arial, helvetica, sans-serif;\">Em caso de d\u00favidas contate o Sindicato: (12) 3943-0660- WhatsApp (12) 99106-2036.<\/span><\/p>\n<p style=\"text-align: justify;\"><span style=\"font-family: arial, helvetica, sans-serif;\"><strong>Entenda a a\u00e7\u00e3o proposta pelo Sindicato.<\/strong><\/span><\/p>\n<p style=\"text-align: justify;\"><span style=\"font-family: arial, helvetica, sans-serif;\">Em novembro de 2013 o Banco Santander imp\u00f4s novo regramento de assist\u00eancia m\u00e9dica, para os trabalhadores <\/span><span style=\"font-family: arial, helvetica, sans-serif;\">aposentados e empregados dispensados sem justa causa, introduzindo a cobran\u00e7a por faixa et\u00e1ria dos <\/span><span style=\"font-family: arial, helvetica, sans-serif;\">titulares e dependentes, que resultou em aumento das mensalidades do plano.<\/span><br \/>\n<span style=\"font-family: arial, helvetica, sans-serif;\">No julgamento da a\u00e7\u00e3o em segunda inst\u00e2ncia, os desembargadores da 2\u00aa turma do Tribunal Regional do <\/span><span style=\"font-family: arial, helvetica, sans-serif;\">Trabalho de Campinas reconheceram que o Banco n\u00e3o poderia alterar as regras do plano de sa\u00fade para <\/span><span style=\"font-family: arial, helvetica, sans-serif;\">prejudicar os empregados, aposentados e demitidos sem justa causa com os reajustes nos planos de <\/span><span style=\"font-family: arial, helvetica, sans-serif;\">sa\u00fade.<\/span><br \/>\n<span style=\"font-family: arial, helvetica, sans-serif;\">Nesse sentido, o julgamento determinou restabelecer as regras anteriormente vigentes, sem reajuste <\/span><span style=\"font-family: arial, helvetica, sans-serif;\">por faixa et\u00e1ria para os empregados com contrato anteriores a mudan\u00e7a, por entender que a nova lei <\/span><span style=\"font-family: arial, helvetica, sans-serif;\">n\u00e3o pode prejudicar os empregados com contratos anteriores a Lei da ANS.<\/span><br \/>\n<span style=\"font-family: arial, helvetica, sans-serif;\">O Tribunal condenou tamb\u00e9m, que o Banco Santander a realizar os ressarcimentos dos valores <\/span><span style=\"font-family: arial, helvetica, sans-serif;\">irregularmente cobrados nas mensalidades vencidas e vincendas dos planos de sa\u00fade de cada <\/span><span style=\"font-family: arial, helvetica, sans-serif;\">benefici\u00e1rio prejudicado integrante da categoria banc\u00e1ria, de novembro de 2013 at\u00e9 a efetiva <\/span><span style=\"font-family: arial, helvetica, sans-serif;\">regulariza\u00e7\u00e3o.<\/span><\/p>\n<p>Fonte: Departamento jur\u00eddico do Sindicato dos Banc\u00e1rios de S\u00e3o Jos\u00e9 dos Campos e Regi\u00e3o.<\/p>\n","protected":false},"excerpt":{"rendered":"<p class=\"excerpt\">O Sindicato dos Banc\u00e1rios de S\u00e3o Jos\u00e9 dos Campos e Regi\u00e3o convoca todos os empregados aposentados e demitidos sem justa causa, do Banco Santander, que foram atingidos pelo reajuste ilegal ocorrido entre novembro de 2013 a fevereiro de 2019, referente ao plano de assist\u00eancia m\u00e9dica, a comparecerem no Sindicato para apresenta\u00e7\u00e3o da documenta\u00e7\u00e3o \/ comprovantes [&hellip;]<\/p>\n","protected":false},"author":2,"featured_media":14362,"comment_status":"closed","ping_status":"closed","sticky":false,"template":"","format":"standard","meta":{"_et_pb_use_builder":"","_et_pb_old_content":"","_et_gb_content_width":"","footnotes":""},"categories":[13],"tags":[],"class_list":["post-14361","post","type-post","status-publish","format-standard","has-post-thumbnail","hentry","category-noticias"],"_links":{"self":[{"href":"https:\/\/sjcbancarios.com.br\/site\/wp-json\/wp\/v2\/posts\/14361","targetHints":{"allow":["GET"]}}],"collection":[{"href":"https:\/\/sjcbancarios.com.br\/site\/wp-json\/wp\/v2\/posts"}],"about":[{"href":"https:\/\/sjcbancarios.com.br\/site\/wp-json\/wp\/v2\/types\/post"}],"author":[{"embeddable":true,"href":"https:\/\/sjcbancarios.com.br\/site\/wp-json\/wp\/v2\/users\/2"}],"replies":[{"embeddable":true,"href":"https:\/\/sjcbancarios.com.br\/site\/wp-json\/wp\/v2\/comments?post=14361"}],"version-history":[{"count":0,"href":"https:\/\/sjcbancarios.com.br\/site\/wp-json\/wp\/v2\/posts\/14361\/revisions"}],"wp:featuredmedia":[{"embeddable":true,"href":"https:\/\/sjcbancarios.com.br\/site\/wp-json\/wp\/v2\/media\/14362"}],"wp:attachment":[{"href":"https:\/\/sjcbancarios.com.br\/site\/wp-json\/wp\/v2\/media?parent=14361"}],"wp:term":[{"taxonomy":"category","embeddable":true,"href":"https:\/\/sjcbancarios.com.br\/site\/wp-json\/wp\/v2\/categories?post=14361"},{"taxonomy":"post_tag","embeddable":true,"href":"https:\/\/sjcbancarios.com.br\/site\/wp-json\/wp\/v2\/tags?post=14361"}],"curies":[{"name":"wp","href":"https:\/\/api.w.org\/{rel}","templated":true}]}}