{"id":14349,"date":"2021-06-11T13:22:20","date_gmt":"2021-06-11T16:22:20","guid":{"rendered":"https:\/\/sjcbancarios.com.br\/site\/?p=14349"},"modified":"2021-06-11T13:22:20","modified_gmt":"2021-06-11T16:22:20","slug":"vacinacao-covid-19-comando-nacional-pede-ao-ministerio-da-saude-a-inclusao-de-bancarios-em-grupo-prioritario","status":"publish","type":"post","link":"https:\/\/sjcbancarios.com.br\/site\/noticias-em-destaque\/vacinacao-covid-19-comando-nacional-pede-ao-ministerio-da-saude-a-inclusao-de-bancarios-em-grupo-prioritario\/","title":{"rendered":"Vacina\u00e7\u00e3o Covid-19: Comando Nacional pede ao Minist\u00e9rio da Sa\u00fade a inclus\u00e3o de banc\u00e1rios em grupo priorit\u00e1rio."},"content":{"rendered":"<p style=\"text-align: justify;\"><span style=\"font-family: arial, helvetica, sans-serif;\">As coordenadoras do Comando Nacional dos Banc\u00e1rios Ivone Silva e a Juvandia Moreira, entregaram agora a pouco ao ministro da Sa\u00fade, Marcelo Queiroga, of\u00edcio solicitando que os banc\u00e1rios sejam inclu\u00eddos como grupo priorit\u00e1rio na vacina\u00e7\u00e3o contra a Covid-19.<\/span><\/p>\n<p style=\"text-align: justify;\"><span style=\"font-family: arial, helvetica, sans-serif;\">Na reuni\u00e3o, que tamb\u00e9m contou com representantes da Fenaban (Federa\u00e7\u00e3o dos Bancos), o ministro se comprometeu a levar a reivindica\u00e7\u00e3o \u00e0 equipe t\u00e9cnica do PNI (Plano Nacional de Imuniza\u00e7\u00f5es).<\/span><\/p>\n<p style=\"text-align: justify;\"><span style=\"font-family: arial, helvetica, sans-serif;\">\u201cFoi uma reuni\u00e3o muito boa com o ministro. Mostramos para ele que a categoria banc\u00e1ria se notabiliza pela grande exposi\u00e7\u00e3o aos riscos de cont\u00e1gio nas ag\u00eancias e que j\u00e1 foram registrados in\u00fameros casos de adoecimento, de afastamento do trabalho, interna\u00e7\u00f5es hospitalares e de \u00f3bitos na categoria e, al\u00e9m disso, os banc\u00e1rios podem, sem saber, transmitir o v\u00edrus para os clientes que necessitam do servi\u00e7o e para seus familiares\u201d, avaliou Ivone Silva.<\/span><\/p>\n<p style=\"text-align: justify;\"><span style=\"font-family: arial, helvetica, sans-serif;\">A m\u00e9dia de desligamentos por morte na categoria banc\u00e1ria saltou de 18,3 \u00f3bitos\/m\u00eas no primeiro trimestre de 2020 para 50,6 \u00f3bitos\/m\u00eas no primeiro trimestre de 2021, crescimento de 176,4%. Os dados s\u00e3o de levantamento feito pelo Dieese a partir do Novo Caged (Cadastro Geral de Empregados e Desempregados), que n\u00e3o especifica as causas das mortes. Mesmo assim, \u00e9 poss\u00edvel deduzir que esse aumento est\u00e1 relacionado com os \u00f3bitos de banc\u00e1rios por Covid-19.<\/span><\/p>\n<p style=\"text-align: justify;\"><span style=\"font-family: arial, helvetica, sans-serif;\">O levantamento do Dieese aponta tamb\u00e9m que, entre abril de 2020 a mar\u00e7o de 2021, ocorreu o falecimento de 418 trabalhadores da categoria, sendo que 69,8% deles de tr\u00eas ocupa\u00e7\u00f5es que, em sua maioria, tinham de trabalhar presencialmente: escritur\u00e1rio, caixa e gerente de conta.<\/span><\/p>\n<p style=\"text-align: justify;\"><span style=\"font-family: arial, helvetica, sans-serif;\">A situa\u00e7\u00e3o \u00e9 semelhante aos empregados da seguran\u00e7a privada nos Bancos, com destaque aos envolvidos no transporte de valores em ve\u00edculos blindados, e tamb\u00e9m aos trabalhadores das redes de farm\u00e1cias que aplicam os testes r\u00e1pidos de Covid-19, os servidores de cemit\u00e9rios, servidores da limpeza urbana, dentre outras categorias.<\/span><\/p>\n<p style=\"text-align: justify;\"><span style=\"font-family: arial, helvetica, sans-serif;\"><a href=\"https:\/\/contrafcut.com.br\/wp-content\/uploads\/2021\/06\/of-13421-inclusao-da-categoria-bancaria-no-pni-covid-19-ao-ministro-da-saude.pdf\">Leia a \u00edntegra do of\u00edcio entregue ao ministro <\/a>\u00a0no qual \u00e9 explicado que a \u201ccaracter\u00edstica f\u00edsica do ambiente de trabalho propicia a maior concentra\u00e7\u00e3o do v\u00edrus e o evidente cont\u00e1gio e, devido aos necess\u00e1rios cuidados com a seguran\u00e7a, as ag\u00eancias banc\u00e1rias s\u00e3o fechadas e n\u00e3o oferecem ventila\u00e7\u00e3o e nem circula\u00e7\u00e3o natural de ar.\u201d E que \u201cestudos cient\u00edficos demonstram que um indiv\u00edduo adulto, em atividade laboral leve, com jornada de 8 horas, inspira e, portanto, exala, cerca de 4.400 litros de ar (147 inspira\u00e7\u00f5es\/minuto, 600\/700 ml por inspira\u00e7\u00e3o x 60 minutos x 8h) com varia\u00e7\u00f5es de acordo com o esfor\u00e7o f\u00edsico. Nestas condi\u00e7\u00f5es, independentemente da fala, tosse ou espirro, a emiss\u00e3o de aeross\u00f3is se propaga em suspens\u00e3o por horas no ambiente, aumentando drasticamente as possibilidades de cont\u00e1gio.\u201d<\/span><\/p>\n<p>Fonte: @spbancarios.<\/p>\n","protected":false},"excerpt":{"rendered":"<p class=\"excerpt\">As coordenadoras do Comando Nacional dos Banc\u00e1rios Ivone Silva e a Juvandia Moreira, entregaram agora a pouco ao ministro da Sa\u00fade, Marcelo Queiroga, of\u00edcio solicitando que os banc\u00e1rios sejam inclu\u00eddos como grupo priorit\u00e1rio na vacina\u00e7\u00e3o contra a Covid-19. Na reuni\u00e3o, que tamb\u00e9m contou com representantes da Fenaban (Federa\u00e7\u00e3o dos Bancos), o ministro se comprometeu a [&hellip;]<\/p>\n","protected":false},"author":2,"featured_media":14350,"comment_status":"closed","ping_status":"closed","sticky":false,"template":"","format":"standard","meta":{"_et_pb_use_builder":"","_et_pb_old_content":"","_et_gb_content_width":"","footnotes":""},"categories":[155],"tags":[],"class_list":["post-14349","post","type-post","status-publish","format-standard","has-post-thumbnail","hentry","category-noticias-em-destaque"],"_links":{"self":[{"href":"https:\/\/sjcbancarios.com.br\/site\/wp-json\/wp\/v2\/posts\/14349","targetHints":{"allow":["GET"]}}],"collection":[{"href":"https:\/\/sjcbancarios.com.br\/site\/wp-json\/wp\/v2\/posts"}],"about":[{"href":"https:\/\/sjcbancarios.com.br\/site\/wp-json\/wp\/v2\/types\/post"}],"author":[{"embeddable":true,"href":"https:\/\/sjcbancarios.com.br\/site\/wp-json\/wp\/v2\/users\/2"}],"replies":[{"embeddable":true,"href":"https:\/\/sjcbancarios.com.br\/site\/wp-json\/wp\/v2\/comments?post=14349"}],"version-history":[{"count":0,"href":"https:\/\/sjcbancarios.com.br\/site\/wp-json\/wp\/v2\/posts\/14349\/revisions"}],"wp:featuredmedia":[{"embeddable":true,"href":"https:\/\/sjcbancarios.com.br\/site\/wp-json\/wp\/v2\/media\/14350"}],"wp:attachment":[{"href":"https:\/\/sjcbancarios.com.br\/site\/wp-json\/wp\/v2\/media?parent=14349"}],"wp:term":[{"taxonomy":"category","embeddable":true,"href":"https:\/\/sjcbancarios.com.br\/site\/wp-json\/wp\/v2\/categories?post=14349"},{"taxonomy":"post_tag","embeddable":true,"href":"https:\/\/sjcbancarios.com.br\/site\/wp-json\/wp\/v2\/tags?post=14349"}],"curies":[{"name":"wp","href":"https:\/\/api.w.org\/{rel}","templated":true}]}}