{"id":14336,"date":"2021-06-08T14:32:57","date_gmt":"2021-06-08T17:32:57","guid":{"rendered":"https:\/\/sjcbancarios.com.br\/site\/?p=14336"},"modified":"2021-06-18T15:18:40","modified_gmt":"2021-06-18T18:18:40","slug":"bancarios-pedem-ao-governo-prioridade-na-vacinacao-contra-a-covid-19","status":"publish","type":"post","link":"https:\/\/sjcbancarios.com.br\/site\/noticias\/bancarios-pedem-ao-governo-prioridade-na-vacinacao-contra-a-covid-19\/","title":{"rendered":"Banc\u00e1rios pedem ao governo prioridade na vacina\u00e7\u00e3o contra a Covid-19."},"content":{"rendered":"<p style=\"text-align: justify;\"><span style=\"font-family: arial, helvetica, sans-serif;\">A inclus\u00e3o da categoria banc\u00e1ria entre as prioridades da vacina\u00e7\u00e3o contra a Covid-19 foi tema de reuni\u00e3o nesta segunda-feira, dia 7, da qual participaram as coordenadoras do Comando Nacional dos Banc\u00e1rios e Banc\u00e1rias, Juvandia Moreira, presidenta da Confedera\u00e7\u00e3o Nacional dos Trabalhadores do Ramo Financeiro (Contraf-CUT), e Ivone Silva, presidenta do Sindicato dos Banc\u00e1rios de S\u00e3o Paulo, Osasco e Regi\u00e3o, com representantes do governo federal e da Federa\u00e7\u00e3o Nacional dos Bancos (Fenaban).<\/span><\/p>\n<p style=\"text-align: justify;\"><span style=\"font-family: arial, helvetica, sans-serif;\">\u201cApresentamos nossos argumentos para que a categoria banc\u00e1ria seja priorit\u00e1ria no Plano Nacional de Imuniza\u00e7\u00e3o (PNI). Em todos os decretos oficiais de antecipa\u00e7\u00e3o de feriados, de restri\u00e7\u00e3o de circula\u00e7\u00e3o, as ag\u00eancias banc\u00e1rias permaneceram abertas. Atendemos milh\u00f5es de pessoas durante a pandemia, para o pagamento do Aux\u00edlio Emergencial, de aposentadorias e para programas de cr\u00e9dito. Banc\u00e1rias e banc\u00e1rios correram o risco de serem contaminados e de contaminarem os clientes\u201d, alertou Juvandia Moreira.<\/span><\/p>\n<p style=\"text-align: justify;\"><span style=\"font-family: arial, helvetica, sans-serif;\">\u201cTrabalhamos em locais fechados por quest\u00f5es de seguran\u00e7a, com pouca ventila\u00e7\u00e3o. As ag\u00eancias s\u00e3o locais perigosos para a dissemina\u00e7\u00e3o do v\u00edrus da covid-19\u201d, destacou Ivone Silva.<\/span><\/p>\n<p style=\"text-align: justify;\"><span style=\"font-family: arial, helvetica, sans-serif;\">A reuni\u00e3o tamb\u00e9m contou com a participa\u00e7\u00e3o de Isaac Menezes Ferreira, presidente da Fenaban; e Adauto Duarte, diretor de Rela\u00e7\u00f5es Trabalhistas da Fenaban. Representando o governo, estavam Bruno Dalcolmo, secret\u00e1rio de Trabalho do Minist\u00e9rio da Economia; e Bruno Bianco Leal, secret\u00e1rio especial de Previd\u00eancia e Trabalho.<\/span><\/p>\n<p style=\"text-align: justify;\"><span style=\"font-family: arial, helvetica, sans-serif;\"><strong>Mortalidade<\/strong><\/span><br \/>\n<span style=\"font-family: arial, helvetica, sans-serif;\">No encontro foi destacado o elevado \u00edndice de mortalidade da categoria no per\u00edodo da pandemia. O setor de atividade financeira, no qual est\u00e1 inclu\u00edda a categoria banc\u00e1ria, registrou aumento de 114,6% no n\u00famero de desligamentos por morte no 1\u00ba trimestre de 2021 em rela\u00e7\u00e3o ao mesmo per\u00edodo de 2020. A m\u00e9dia nacional desses desligamentos na compara\u00e7\u00e3o entre os mesmos per\u00edodos foi bem menor, de 71,6%. Em uma an\u00e1lise dos desligamentos por morte apenas na categoria banc\u00e1ria, a varia\u00e7\u00e3o no n\u00famero de desligamentos por morte foi de 176,4%. Os n\u00fameros s\u00e3o do Boletim Emprego em Pauta, do Departamento Intersindical de Estat\u00edstica e Estudos Socioecon\u00f4micos (Dieese) de maio de 2021.<\/span><\/p>\n<p style=\"text-align: justify;\"><span style=\"font-family: arial, helvetica, sans-serif;\">\u201cLevamos o pleito ao governo. Os dois secret\u00e1rios ficaram de apresentar nossa reivindica\u00e7\u00e3o ao Minist\u00e9rio da Sa\u00fade. \u00c9 importante destacar que j\u00e1 tentamos nos reunir com o Minist\u00e9rio da Sa\u00fade e at\u00e9 agora n\u00e3o obtivemos resposta. Ficou acertado que a Contraf,\u00a0 a Fenaban e Febraban enviar\u00e3o um documento conjunto para o Minist\u00e9rio da Sa\u00fade com esses argumentos e com o pedido de inclus\u00e3o da categoria como essencial tamb\u00e9m no Plano Nacional de Imuniza\u00e7\u00e3o\u201d, ressaltou Juvandia Moreira.<\/span><\/p>\n<p style=\"text-align: justify;\"><span style=\"font-family: arial, helvetica, sans-serif;\">Fonte: spbancarios.<\/span><\/p>\n","protected":false},"excerpt":{"rendered":"<p class=\"excerpt\">A inclus\u00e3o da categoria banc\u00e1ria entre as prioridades da vacina\u00e7\u00e3o contra a Covid-19 foi tema de reuni\u00e3o nesta segunda-feira, dia 7, da qual participaram as coordenadoras do Comando Nacional dos Banc\u00e1rios e Banc\u00e1rias, Juvandia Moreira, presidenta da Confedera\u00e7\u00e3o Nacional dos Trabalhadores do Ramo Financeiro (Contraf-CUT), e Ivone Silva, presidenta do Sindicato dos Banc\u00e1rios de S\u00e3o [&hellip;]<\/p>\n","protected":false},"author":2,"featured_media":14344,"comment_status":"closed","ping_status":"closed","sticky":false,"template":"","format":"standard","meta":{"_et_pb_use_builder":"","_et_pb_old_content":"","_et_gb_content_width":"","footnotes":""},"categories":[13],"tags":[],"class_list":["post-14336","post","type-post","status-publish","format-standard","has-post-thumbnail","hentry","category-noticias"],"_links":{"self":[{"href":"https:\/\/sjcbancarios.com.br\/site\/wp-json\/wp\/v2\/posts\/14336","targetHints":{"allow":["GET"]}}],"collection":[{"href":"https:\/\/sjcbancarios.com.br\/site\/wp-json\/wp\/v2\/posts"}],"about":[{"href":"https:\/\/sjcbancarios.com.br\/site\/wp-json\/wp\/v2\/types\/post"}],"author":[{"embeddable":true,"href":"https:\/\/sjcbancarios.com.br\/site\/wp-json\/wp\/v2\/users\/2"}],"replies":[{"embeddable":true,"href":"https:\/\/sjcbancarios.com.br\/site\/wp-json\/wp\/v2\/comments?post=14336"}],"version-history":[{"count":0,"href":"https:\/\/sjcbancarios.com.br\/site\/wp-json\/wp\/v2\/posts\/14336\/revisions"}],"wp:featuredmedia":[{"embeddable":true,"href":"https:\/\/sjcbancarios.com.br\/site\/wp-json\/wp\/v2\/media\/14344"}],"wp:attachment":[{"href":"https:\/\/sjcbancarios.com.br\/site\/wp-json\/wp\/v2\/media?parent=14336"}],"wp:term":[{"taxonomy":"category","embeddable":true,"href":"https:\/\/sjcbancarios.com.br\/site\/wp-json\/wp\/v2\/categories?post=14336"},{"taxonomy":"post_tag","embeddable":true,"href":"https:\/\/sjcbancarios.com.br\/site\/wp-json\/wp\/v2\/tags?post=14336"}],"curies":[{"name":"wp","href":"https:\/\/api.w.org\/{rel}","templated":true}]}}