{"id":14329,"date":"2021-06-04T11:18:46","date_gmt":"2021-06-04T14:18:46","guid":{"rendered":"https:\/\/sjcbancarios.com.br\/site\/?p=14329"},"modified":"2021-06-18T15:22:41","modified_gmt":"2021-06-18T18:22:41","slug":"prefeitura-diz-que-o-bancos-nao-se-enquadram-no-decreto-municipal-no-18-822-de-31-de-maio-de-2021","status":"publish","type":"post","link":"https:\/\/sjcbancarios.com.br\/site\/noticias\/prefeitura-diz-que-o-bancos-nao-se-enquadram-no-decreto-municipal-no-18-822-de-31-de-maio-de-2021\/","title":{"rendered":"Prefeitura diz que o Bancos n\u00e3o se enquadram no Decreto Municipal n\u00ba. 18.822, DE 31 DE MAIO DE 2021."},"content":{"rendered":"<p style=\"text-align: justify;\"><span style=\"font-family: arial, helvetica, sans-serif;\">A prefeitura Municipal de S\u00e3o Jos\u00e9 dos Campos comunicou o Sindicato na data de hoje, dia 4, que as institui\u00e7\u00f5es financeiras n\u00e3o se enquadram no decreto municipal que determina o fechamento \u00a0dos estabelecimentos comerciais e de servi\u00e7os com \u00e1rea de loja ou atendimento igual ou superior a 250 (duzentos e cinquenta) metros quadrados, mesmo tendo notificado algumas ag\u00eancias na \u00faltima quarta-feira, dia 2, para o fechamento.<\/span><\/p>\n<p style=\"text-align: justify;\"><span style=\"font-family: arial, helvetica, sans-serif;\">Vale ressaltar que o Sindicato contatou a fiscaliza\u00e7\u00e3o da prefeitura na quarta-feira e os mesmos informaram que n\u00e3o havia nenhuma revoga\u00e7\u00e3o no decreto para a abertura das ag\u00eancias.<\/span><\/p>\n<p style=\"text-align: justify;\"><span style=\"font-family: arial, helvetica, sans-serif;\">Embora a prefeitura municipal informe que as ag\u00eancias banc\u00e1rias n\u00e3o se enquadram no decreto, o Sindicato entende que sim, pois as determina\u00e7\u00f5es dizem respeito \u00e0 \u201cestabelecimentos comerciais e de servi\u00e7os\u201d e n\u00e3o especifica a abertura das institui\u00e7\u00f5es financeiras em nenhum de seus artigos.<\/span><\/p>\n<p><a href=\"https:\/\/servicos.sjc.sp.gov.br\/governo\/boletim\/boletimPDF\/20210531211505769ea336-b436-4466-9ec5-d94800643ab6.pdf\">Leia o decreto na \u00edntegra<\/a><\/p>\n<p style=\"text-align: justify;\"><span style=\"font-family: arial, helvetica, sans-serif;\">\u201cCobramos uma postura da fiscaliza\u00e7\u00e3o da prefeitura, uma vez que algumas ag\u00eancias j\u00e1 haviam sido notificadas e somente eles tem o poder de fiscaliza\u00e7\u00e3o, por\u00e9m a resposta hoje foi que as institui\u00e7\u00f5es financeiras n\u00e3o estavam inclu\u00eddas no decreto. \u00c9 um absurdo, uma vez que as aglomera\u00e7\u00f5es nas portas das ag\u00eancias s\u00e3o enormes e tanto a popula\u00e7\u00e3o quanto os funcion\u00e1rios ficam expostos constantemente. O prefeito Fel\u00edcio Ramuth precisa fazer uma avalia\u00e7\u00e3o melhor ao publicar seus decretos, bem como divulgar regras claras, para n\u00e3o haver interpreta\u00e7\u00f5es equivocadas, inclusive dentro dos \u00f3rg\u00e3os da prefeitura, disse Ant\u00f4nio Marcos de Barros, presidente.<\/span><\/p>\n<p>&nbsp;<\/p>\n<p>Por Departamento de Imprensa do Sindicato.<\/p>\n","protected":false},"excerpt":{"rendered":"<p class=\"excerpt\">A prefeitura Municipal de S\u00e3o Jos\u00e9 dos Campos comunicou o Sindicato na data de hoje, dia 4, que as institui\u00e7\u00f5es financeiras n\u00e3o se enquadram no decreto municipal que determina o fechamento \u00a0dos estabelecimentos comerciais e de servi\u00e7os com \u00e1rea de loja ou atendimento igual ou superior a 250 (duzentos e cinquenta) metros quadrados, mesmo tendo [&hellip;]<\/p>\n","protected":false},"author":2,"featured_media":14334,"comment_status":"closed","ping_status":"closed","sticky":false,"template":"","format":"standard","meta":{"_et_pb_use_builder":"","_et_pb_old_content":"","_et_gb_content_width":"","footnotes":""},"categories":[13],"tags":[],"class_list":["post-14329","post","type-post","status-publish","format-standard","has-post-thumbnail","hentry","category-noticias"],"_links":{"self":[{"href":"https:\/\/sjcbancarios.com.br\/site\/wp-json\/wp\/v2\/posts\/14329","targetHints":{"allow":["GET"]}}],"collection":[{"href":"https:\/\/sjcbancarios.com.br\/site\/wp-json\/wp\/v2\/posts"}],"about":[{"href":"https:\/\/sjcbancarios.com.br\/site\/wp-json\/wp\/v2\/types\/post"}],"author":[{"embeddable":true,"href":"https:\/\/sjcbancarios.com.br\/site\/wp-json\/wp\/v2\/users\/2"}],"replies":[{"embeddable":true,"href":"https:\/\/sjcbancarios.com.br\/site\/wp-json\/wp\/v2\/comments?post=14329"}],"version-history":[{"count":0,"href":"https:\/\/sjcbancarios.com.br\/site\/wp-json\/wp\/v2\/posts\/14329\/revisions"}],"wp:featuredmedia":[{"embeddable":true,"href":"https:\/\/sjcbancarios.com.br\/site\/wp-json\/wp\/v2\/media\/14334"}],"wp:attachment":[{"href":"https:\/\/sjcbancarios.com.br\/site\/wp-json\/wp\/v2\/media?parent=14329"}],"wp:term":[{"taxonomy":"category","embeddable":true,"href":"https:\/\/sjcbancarios.com.br\/site\/wp-json\/wp\/v2\/categories?post=14329"},{"taxonomy":"post_tag","embeddable":true,"href":"https:\/\/sjcbancarios.com.br\/site\/wp-json\/wp\/v2\/tags?post=14329"}],"curies":[{"name":"wp","href":"https:\/\/api.w.org\/{rel}","templated":true}]}}