{"id":14321,"date":"2021-06-02T16:10:48","date_gmt":"2021-06-02T19:10:48","guid":{"rendered":"https:\/\/sjcbancarios.com.br\/site\/?p=14321"},"modified":"2021-06-02T16:23:18","modified_gmt":"2021-06-02T19:23:18","slug":"decreto-da-prefeitura-de-sao-jose-dos-campos-impoe-medidas-mais-restritivas-e-agencias-bancarias-com-250-metros-quadrados-ou-mais-deverao-fechar","status":"publish","type":"post","link":"https:\/\/sjcbancarios.com.br\/site\/noticias-em-destaque\/decreto-da-prefeitura-de-sao-jose-dos-campos-impoe-medidas-mais-restritivas-e-agencias-bancarias-com-250-metros-quadrados-ou-mais-deverao-fechar\/","title":{"rendered":"Decreto da Prefeitura de S\u00e3o Jos\u00e9 dos Campos, imp\u00f5e medidas mais restritivas e ag\u00eancias banc\u00e1rias com 250 metros quadrados ou mais dever\u00e3o fechar. \u00a0"},"content":{"rendered":"<p style=\"text-align: justify;\"><span style=\"font-family: arial, helvetica, sans-serif;\">O decreto n\u00ba 18.822, de 31 de Maio de 2021, publicado pelo prefeito de S\u00e3o Jos\u00e9 dos Campos, Fel\u00edcio Ramuth, determina o fechamento de estabelecimentos comerciais e de servi\u00e7os com \u00e1rea de loja ou atendimento igual ou superior a 250 (duzentos e cinquenta) metros quadrados a partir das 00h01min do dia 3 de junho de 2021 (quinta-feira) at\u00e9 \u00e0s 23h59min do dia 6 de junho de 2021 (domingo).<\/span><\/p>\n<p style=\"text-align: justify;\"><span style=\"font-family: arial, helvetica, sans-serif;\">As medidas, segundo o chefe do Executivo, devem ajudar a reduzir a transmiss\u00e3o do coronav\u00edrus na cidade e evitar o colapso na sa\u00fade. Segundo o boletim informativo, houve uma aumento significativo nos casos confirmados, no n\u00famero de interna\u00e7\u00f5es UTI e enfermarias, al\u00e9m do crescente aumento nos \u00f3bitos nos \u00faltimos 14 dias.<\/span><\/p>\n<p><a href=\"https:\/\/www.sjc.sp.gov.br\/servicos\/saude\/coronavirus\/avisos-a-imprensa\/\">Boletim epidemiol\u00f3gico<\/a><\/p>\n<p style=\"text-align: justify;\"><span style=\"font-family: arial, helvetica, sans-serif;\">Com o novo decreto, ag\u00eancias banc\u00e1rias, supermercados, lojas, bares, restaurantes e outros estabelecimentos que se enquadram nas determina\u00e7\u00f5es do decreto dever\u00e3o ficar fechados.<\/span><\/p>\n<p><a href=\"https:\/\/servicos.sjc.sp.gov.br\/governo\/boletim\/boletimPDF\/20210531211505769ea336-b436-4466-9ec5-d94800643ab6.pdf\">LEIA O DECRETO<\/a><\/p>\n<p style=\"text-align: justify;\"><span style=\"font-family: arial, helvetica, sans-serif;\">Segundo informa\u00e7\u00f5es recebidas pelo Sindicato, algumas ag\u00eancias j\u00e1 foram notificadas. Orientamos que todas as ag\u00eancias que se enquadram no decreto mas ainda n\u00e3o foram notificadas, que sigam as recomenda\u00e7\u00f5es para evitarem aglomera\u00e7\u00f5es. \u201cEstamos atravessando novamente um momento grave da pandemia, precisamos nos unir e fazer cada um a sua parte para garantir ao m\u00e1ximo a seguran\u00e7a de todos\u201d, disse Ant\u00f4nio Marcos de Barros, presidente do Sindicato.<\/span><\/p>\n<p>&nbsp;<\/p>\n<p>Fonte: Prefeitura Municipal de S\u00e3o Jos\u00e9 dos Campos<\/p>\n<p>&nbsp;<\/p>\n","protected":false},"excerpt":{"rendered":"<p class=\"excerpt\">O decreto n\u00ba 18.822, de 31 de Maio de 2021, publicado pelo prefeito de S\u00e3o Jos\u00e9 dos Campos, Fel\u00edcio Ramuth, determina o fechamento de estabelecimentos comerciais e de servi\u00e7os com \u00e1rea de loja ou atendimento igual ou superior a 250 (duzentos e cinquenta) metros quadrados a partir das 00h01min do dia 3 de junho de [&hellip;]<\/p>\n","protected":false},"author":2,"featured_media":14296,"comment_status":"closed","ping_status":"closed","sticky":false,"template":"","format":"standard","meta":{"_et_pb_use_builder":"","_et_pb_old_content":"","_et_gb_content_width":"","footnotes":""},"categories":[155],"tags":[],"class_list":["post-14321","post","type-post","status-publish","format-standard","has-post-thumbnail","hentry","category-noticias-em-destaque"],"_links":{"self":[{"href":"https:\/\/sjcbancarios.com.br\/site\/wp-json\/wp\/v2\/posts\/14321","targetHints":{"allow":["GET"]}}],"collection":[{"href":"https:\/\/sjcbancarios.com.br\/site\/wp-json\/wp\/v2\/posts"}],"about":[{"href":"https:\/\/sjcbancarios.com.br\/site\/wp-json\/wp\/v2\/types\/post"}],"author":[{"embeddable":true,"href":"https:\/\/sjcbancarios.com.br\/site\/wp-json\/wp\/v2\/users\/2"}],"replies":[{"embeddable":true,"href":"https:\/\/sjcbancarios.com.br\/site\/wp-json\/wp\/v2\/comments?post=14321"}],"version-history":[{"count":0,"href":"https:\/\/sjcbancarios.com.br\/site\/wp-json\/wp\/v2\/posts\/14321\/revisions"}],"wp:featuredmedia":[{"embeddable":true,"href":"https:\/\/sjcbancarios.com.br\/site\/wp-json\/wp\/v2\/media\/14296"}],"wp:attachment":[{"href":"https:\/\/sjcbancarios.com.br\/site\/wp-json\/wp\/v2\/media?parent=14321"}],"wp:term":[{"taxonomy":"category","embeddable":true,"href":"https:\/\/sjcbancarios.com.br\/site\/wp-json\/wp\/v2\/categories?post=14321"},{"taxonomy":"post_tag","embeddable":true,"href":"https:\/\/sjcbancarios.com.br\/site\/wp-json\/wp\/v2\/tags?post=14321"}],"curies":[{"name":"wp","href":"https:\/\/api.w.org\/{rel}","templated":true}]}}