{"id":14316,"date":"2021-06-01T14:00:40","date_gmt":"2021-06-01T17:00:40","guid":{"rendered":"https:\/\/sjcbancarios.com.br\/site\/?p=14316"},"modified":"2021-06-01T14:58:52","modified_gmt":"2021-06-01T17:58:52","slug":"frente-parlamentar-mista-do-servico-publico-mantem-atuacao-contra-a-reforma-administrativa","status":"publish","type":"post","link":"https:\/\/sjcbancarios.com.br\/site\/noticias-em-destaque\/frente-parlamentar-mista-do-servico-publico-mantem-atuacao-contra-a-reforma-administrativa\/","title":{"rendered":"Frente Parlamentar Mista do Servi\u00e7o P\u00fablico mant\u00e9m atua\u00e7\u00e3o contra a Reforma Administrativa"},"content":{"rendered":"<p style=\"text-align: justify;\"><span style=\"font-family: arial, helvetica, sans-serif;\"><em>Em reuni\u00e3o realizada na \u00faltima segunda-feira (31), a Frente discutiu os pontos nocivos da PEC 32\/2020 que foram mantidos ap\u00f3s aprova\u00e7\u00e3o na Comiss\u00e3o de Constitui\u00e7\u00e3o e Justi\u00e7a da C\u00e2mara.<\/em><\/span><\/p>\n<p style=\"text-align: justify;\"><span style=\"font-family: arial, helvetica, sans-serif;\">A Frente Parlamentar Mista do Servi\u00e7o P\u00fablico realizou a sua 43\u00aa reuni\u00e3o, na segunda-feira, dia 31, para discutir o enfrentamento \u00e0 aprova\u00e7\u00e3o da Reforma Administrativa. A reuni\u00e3o virtual teve a participa\u00e7\u00e3o da deputada Alice Portugal (PCdoB\/BA), do deputado Rog\u00e9rio Correia (PT\/MG) e de representantes de entidades representativas de servidores p\u00fablicos. Na reuni\u00e3o, o grupo decidiu que ir\u00e1 fechar um calend\u00e1rio de mobiliza\u00e7\u00e3o para as pr\u00f3ximas semanas contra a reforma.<\/span><\/p>\n<p style=\"text-align: justify;\"><span style=\"font-family: arial, helvetica, sans-serif;\">A Federa\u00e7\u00e3o Nacional das Associa\u00e7\u00f5es do Pessoal da Caixa Econ\u00f4mica Federal (Fenae) acompanha as discuss\u00f5es na Frente Parlamentar Mista do Servi\u00e7o P\u00fablico e no Congresso, e se mant\u00e9m contra a Reforma Administrativa. \u201cO texto da Reforma continua extremamente prejudicial aos servidores com impacto muito negativo aos servi\u00e7os p\u00fablicos. Vamos manter nossa atua\u00e7\u00e3o contra a Reforma, mobilizando os trabalhadores e pressionando o Parlamento para votarem contra a mat\u00e9ria\u201d, ressaltou Sergio Takemoto, presidente da Federa\u00e7\u00e3o.<\/span><\/p>\n<p style=\"text-align: justify;\"><span style=\"font-family: arial, helvetica, sans-serif;\"><strong>Hist\u00f3rico<\/strong><\/span><\/p>\n<p style=\"text-align: justify;\"><span style=\"font-family: arial, helvetica, sans-serif;\">No dia 25 de maio, a Comiss\u00e3o de Constitui\u00e7\u00e3o e Justi\u00e7a (CCJ) da C\u00e2mara dos Deputados aprovou a admissibilidade da PEC 32\/2020, que reduz o papel do Estado brasileiro e precariza as condi\u00e7\u00f5es de trabalho dos servidores p\u00fablicos. Foram 39 votos favor\u00e1veis e 26 votos contr\u00e1rios.<\/span><\/p>\n<p style=\"text-align: justify;\"><span style=\"font-family: arial, helvetica, sans-serif;\">O relator Darci de Matos (PSD\/SC) removeu alguns pontos da proposta original. Um deles foi o trecho que permitia ao presidente da Rep\u00fablica extinguir, transformar ou fundir autarquias somente por decreto. No entanto, segundo alertou o assessor da Frente Parlamentar Mista do Servi\u00e7o P\u00fablico, Vladimir Nepomuceno, a proposta manteve a concentra\u00e7\u00e3o de poderes nas m\u00e3os do chefe do Executivo. \u201cO relator retirou do texto somente o poder do Presidente mexer com autarquias e funda\u00e7\u00f5es, mas pode criar e extinguir minist\u00e9rios, o que hoje s\u00f3 \u00e9 permitido com autoriza\u00e7\u00e3o do Congresso. O texto tamb\u00e9m manteve o poder de extinguir cargos e carreiras e tudo isso tamb\u00e9m depende do aval do Parlamento\u201d, destacou.<\/span><\/p>\n<p style=\"text-align: justify;\"><span style=\"font-family: arial, helvetica, sans-serif;\">Outro item retirado previa os novos princ\u00edpios da Administra\u00e7\u00e3o P\u00fablica: imparcialidade, transpar\u00eancia, inova\u00e7\u00e3o, responsabilidade, unidade, coordena\u00e7\u00e3o, boa governan\u00e7a p\u00fablica e subsidiariedade \u2013 esta \u00faltima daria ao Estado um papel secund\u00e1rio, impondo a predomin\u00e2ncia do mercado privado inclusive em setores da sa\u00fade, educa\u00e7\u00e3o e seguran\u00e7a, invertendo a l\u00f3gica do funcionamento dos servi\u00e7os p\u00fablicos.<\/span><\/p>\n<p style=\"text-align: justify;\"><span style=\"font-family: arial, helvetica, sans-serif;\">Agora o texto segue para uma comiss\u00e3o especial para analisar o m\u00e9rito da proposta. Esta comiss\u00e3o ser\u00e1 presidida pelo deputado Fernando Monteiro (PP\/PE) e o relator ser\u00e1 Arthur Maia (DEM\/BA).<\/span><\/p>\n<p style=\"text-align: justify;\"><span style=\"font-family: arial, helvetica, sans-serif;\">Fonte: FENAE-SP<\/span><\/p>\n","protected":false},"excerpt":{"rendered":"<p class=\"excerpt\">Em reuni\u00e3o realizada na \u00faltima segunda-feira (31), a Frente discutiu os pontos nocivos da PEC 32\/2020 que foram mantidos ap\u00f3s aprova\u00e7\u00e3o na Comiss\u00e3o de Constitui\u00e7\u00e3o e Justi\u00e7a da C\u00e2mara. A Frente Parlamentar Mista do Servi\u00e7o P\u00fablico realizou a sua 43\u00aa reuni\u00e3o, na segunda-feira, dia 31, para discutir o enfrentamento \u00e0 aprova\u00e7\u00e3o da Reforma Administrativa. A [&hellip;]<\/p>\n","protected":false},"author":2,"featured_media":14317,"comment_status":"closed","ping_status":"closed","sticky":false,"template":"","format":"standard","meta":{"_et_pb_use_builder":"","_et_pb_old_content":"","_et_gb_content_width":"","footnotes":""},"categories":[155],"tags":[],"class_list":["post-14316","post","type-post","status-publish","format-standard","has-post-thumbnail","hentry","category-noticias-em-destaque"],"_links":{"self":[{"href":"https:\/\/sjcbancarios.com.br\/site\/wp-json\/wp\/v2\/posts\/14316","targetHints":{"allow":["GET"]}}],"collection":[{"href":"https:\/\/sjcbancarios.com.br\/site\/wp-json\/wp\/v2\/posts"}],"about":[{"href":"https:\/\/sjcbancarios.com.br\/site\/wp-json\/wp\/v2\/types\/post"}],"author":[{"embeddable":true,"href":"https:\/\/sjcbancarios.com.br\/site\/wp-json\/wp\/v2\/users\/2"}],"replies":[{"embeddable":true,"href":"https:\/\/sjcbancarios.com.br\/site\/wp-json\/wp\/v2\/comments?post=14316"}],"version-history":[{"count":0,"href":"https:\/\/sjcbancarios.com.br\/site\/wp-json\/wp\/v2\/posts\/14316\/revisions"}],"wp:featuredmedia":[{"embeddable":true,"href":"https:\/\/sjcbancarios.com.br\/site\/wp-json\/wp\/v2\/media\/14317"}],"wp:attachment":[{"href":"https:\/\/sjcbancarios.com.br\/site\/wp-json\/wp\/v2\/media?parent=14316"}],"wp:term":[{"taxonomy":"category","embeddable":true,"href":"https:\/\/sjcbancarios.com.br\/site\/wp-json\/wp\/v2\/categories?post=14316"},{"taxonomy":"post_tag","embeddable":true,"href":"https:\/\/sjcbancarios.com.br\/site\/wp-json\/wp\/v2\/tags?post=14316"}],"curies":[{"name":"wp","href":"https:\/\/api.w.org\/{rel}","templated":true}]}}