{"id":14307,"date":"2021-05-31T14:55:59","date_gmt":"2021-05-31T17:55:59","guid":{"rendered":"https:\/\/sjcbancarios.com.br\/site\/?p=14307"},"modified":"2021-05-31T16:00:26","modified_gmt":"2021-05-31T19:00:26","slug":"presidente-da-previ-jose-mauricio-coelho-renuncia-ao-cargo","status":"publish","type":"post","link":"https:\/\/sjcbancarios.com.br\/site\/noticias-em-destaque\/presidente-da-previ-jose-mauricio-coelho-renuncia-ao-cargo\/","title":{"rendered":"Presidente da Previ, Jos\u00e9 Maur\u00edcio Coelho, renuncia ao cargo."},"content":{"rendered":"<p style=\"text-align: justify;\"><span style=\"font-family: arial, helvetica, sans-serif;\">A Previ, fundo de previd\u00eancia do Banco do Brasil, informou a ren\u00fancia de seu presidente, Jos\u00e9 Mauricio Pereira Coelho, com efeito a partir de 14 de junho. A informa\u00e7\u00e3o consta no site da entidade, que n\u00e3o explica o motivo de sua ren\u00fancia. N\u00e3o h\u00e1 um nome do substituto ao cargo ainda, de acordo com a Previ. A indica\u00e7\u00e3o cabe ao presidente do Banco do Brasil, Fausto de Andrade Ribeiro.<\/span><br \/>\n<span style=\"font-family: arial, helvetica, sans-serif;\">O movimento acontece tr\u00eas dias ap\u00f3s a Previ reduzir sua participa\u00e7\u00e3o de 9% para 6% na BRF em leil\u00e3o na B3, onde o comprador foi a Marfrig. A Previ informou no s\u00e1bado que levantou R$ 651 milh\u00f5es com a venda.<\/span><br \/>\n<span style=\"font-family: arial, helvetica, sans-serif;\">\u201cNos quase tr\u00eas anos \u00e0 frente Entidade, Jos\u00e9 Maur\u00edcio conduziu a Previ com seguran\u00e7a por cen\u00e1rios desafiadores, com resultados positivos durante toda a sua gest\u00e3o\u201d, diz a entidade ao comunicar sua ren\u00fancia. A Previ lembra que no final de 2018, seis meses ap\u00f3s a sua chegada, o d\u00e9ficit do ano anterior do fundo foi revertido.<\/span><\/p>\n<p style=\"text-align: justify;\"><span style=\"font-family: arial, helvetica, sans-serif;\">\u201cOs anos seguintes foram de super\u00e1vits para o principal plano da Previ, o Plano 1, que atualmente tem mais de R$ 230 bilh\u00f5es em ativos. Em 2020, mesmo diante da maior crise dos \u00faltimos 100 anos, o resultado acumulado do plano foi positivo em R$ 13,9 bilh\u00f5es. A pr\u00e9via at\u00e9 o m\u00eas de abril de 2021 mostra um aumento relevante desse super\u00e1vit, que ultrapassa os R$ 20 bilh\u00f5es. \u00c9 o maior super\u00e1vit acumulado da Previ desde 2013\u201d, diz a entidade.<\/span><\/p>\n<p style=\"text-align: justify;\"><span style=\"font-family: arial, helvetica, sans-serif;\">Fonte: Diretoria Executiva da CONTEC<\/span><\/p>\n","protected":false},"excerpt":{"rendered":"<p class=\"excerpt\">A Previ, fundo de previd\u00eancia do Banco do Brasil, informou a ren\u00fancia de seu presidente, Jos\u00e9 Mauricio Pereira Coelho, com efeito a partir de 14 de junho. A informa\u00e7\u00e3o consta no site da entidade, que n\u00e3o explica o motivo de sua ren\u00fancia. N\u00e3o h\u00e1 um nome do substituto ao cargo ainda, de acordo com a [&hellip;]<\/p>\n","protected":false},"author":2,"featured_media":14308,"comment_status":"closed","ping_status":"closed","sticky":false,"template":"","format":"standard","meta":{"_et_pb_use_builder":"","_et_pb_old_content":"","_et_gb_content_width":"","footnotes":""},"categories":[155],"tags":[],"class_list":["post-14307","post","type-post","status-publish","format-standard","has-post-thumbnail","hentry","category-noticias-em-destaque"],"_links":{"self":[{"href":"https:\/\/sjcbancarios.com.br\/site\/wp-json\/wp\/v2\/posts\/14307","targetHints":{"allow":["GET"]}}],"collection":[{"href":"https:\/\/sjcbancarios.com.br\/site\/wp-json\/wp\/v2\/posts"}],"about":[{"href":"https:\/\/sjcbancarios.com.br\/site\/wp-json\/wp\/v2\/types\/post"}],"author":[{"embeddable":true,"href":"https:\/\/sjcbancarios.com.br\/site\/wp-json\/wp\/v2\/users\/2"}],"replies":[{"embeddable":true,"href":"https:\/\/sjcbancarios.com.br\/site\/wp-json\/wp\/v2\/comments?post=14307"}],"version-history":[{"count":0,"href":"https:\/\/sjcbancarios.com.br\/site\/wp-json\/wp\/v2\/posts\/14307\/revisions"}],"wp:featuredmedia":[{"embeddable":true,"href":"https:\/\/sjcbancarios.com.br\/site\/wp-json\/wp\/v2\/media\/14308"}],"wp:attachment":[{"href":"https:\/\/sjcbancarios.com.br\/site\/wp-json\/wp\/v2\/media?parent=14307"}],"wp:term":[{"taxonomy":"category","embeddable":true,"href":"https:\/\/sjcbancarios.com.br\/site\/wp-json\/wp\/v2\/categories?post=14307"},{"taxonomy":"post_tag","embeddable":true,"href":"https:\/\/sjcbancarios.com.br\/site\/wp-json\/wp\/v2\/tags?post=14307"}],"curies":[{"name":"wp","href":"https:\/\/api.w.org\/{rel}","templated":true}]}}