{"id":14304,"date":"2021-05-31T15:53:16","date_gmt":"2021-05-31T18:53:16","guid":{"rendered":"https:\/\/sjcbancarios.com.br\/site\/?p=14304"},"modified":"2021-05-31T15:53:16","modified_gmt":"2021-05-31T18:53:16","slug":"campanha-nacional-pela-vacinacao-em-massa-continua","status":"publish","type":"post","link":"https:\/\/sjcbancarios.com.br\/site\/noticias-em-destaque\/campanha-nacional-pela-vacinacao-em-massa-continua\/","title":{"rendered":"Campanha nacional pela vacina\u00e7\u00e3o em massa continua."},"content":{"rendered":"<p style=\"text-align: justify;\"><span style=\"font-family: arial, helvetica, sans-serif;\">A CONTEC, as entidades sindicais dos banc\u00e1rios e securit\u00e1rios; e a sociedade em geral entendem que a forma de imunizar eficazmente todos os brasileiros \u00e9 por meio da vacina\u00e7\u00e3o em massa contra a Covid 19. Principalmente, daqueles cidad\u00e3os, que por necessidade social, est\u00e3o mais expostos a contamina\u00e7\u00e3o pelo novo coronav\u00edrus, quando da necessidade de se manter as atividades essenciais.<\/span><\/p>\n<p style=\"text-align: justify;\"><span style=\"font-family: arial, helvetica, sans-serif;\">Assim, continuamos firmes nesta luta que \u00e9 urgente, justa e necess\u00e1ria para priorizar vacina\u00e7\u00e3o dos trabalhadores banc\u00e1rios, que se encontram na linha de frente de atendimento da popula\u00e7\u00e3o mais necessitada, praticamente invis\u00edvel, benefici\u00e1ria do chamado Aux\u00edlio Emergencial, pago pelo governo federal. A inser\u00e7\u00e3o dos banc\u00e1rios no Plano Nacional de Imuniza\u00e7\u00e3o (PNI) \u00e9 MUITO oportuna e urgente.<\/span><\/p>\n<p style=\"text-align: justify;\"><span style=\"font-family: arial, helvetica, sans-serif;\">Continuamos, por outro lado, desenvolvendo esfor\u00e7os junto aos \u00f3rg\u00e3os p\u00fablicos respons\u00e1veis, Fenaban, Seguradoras e Centrais Sindicais, todos que tenham esp\u00edrito p\u00fablico e sensibilidade para consecu\u00e7\u00e3o do nosso intento, mesmo tendo o Minist\u00e9rio da Sa\u00fade indeferido o nosso justo e criterioso pleito, apresentado em janeiro deste ano.<\/span><\/p>\n<p style=\"text-align: justify;\"><span style=\"font-family: arial, helvetica, sans-serif;\">Nossa luta continua! Vacina J\u00e1!<\/span><\/p>\n<p>\nFonte: Diretoria Executiva da CONTEC<\/p>\n","protected":false},"excerpt":{"rendered":"<p class=\"excerpt\">A CONTEC, as entidades sindicais dos banc\u00e1rios e securit\u00e1rios; e a sociedade em geral entendem que a forma de imunizar eficazmente todos os brasileiros \u00e9 por meio da vacina\u00e7\u00e3o em massa contra a Covid 19. Principalmente, daqueles cidad\u00e3os, que por necessidade social, est\u00e3o mais expostos a contamina\u00e7\u00e3o pelo novo coronav\u00edrus, quando da necessidade de se [&hellip;]<\/p>\n","protected":false},"author":2,"featured_media":14305,"comment_status":"closed","ping_status":"closed","sticky":false,"template":"","format":"standard","meta":{"_et_pb_use_builder":"","_et_pb_old_content":"","_et_gb_content_width":"","footnotes":""},"categories":[155],"tags":[],"class_list":["post-14304","post","type-post","status-publish","format-standard","has-post-thumbnail","hentry","category-noticias-em-destaque"],"_links":{"self":[{"href":"https:\/\/sjcbancarios.com.br\/site\/wp-json\/wp\/v2\/posts\/14304","targetHints":{"allow":["GET"]}}],"collection":[{"href":"https:\/\/sjcbancarios.com.br\/site\/wp-json\/wp\/v2\/posts"}],"about":[{"href":"https:\/\/sjcbancarios.com.br\/site\/wp-json\/wp\/v2\/types\/post"}],"author":[{"embeddable":true,"href":"https:\/\/sjcbancarios.com.br\/site\/wp-json\/wp\/v2\/users\/2"}],"replies":[{"embeddable":true,"href":"https:\/\/sjcbancarios.com.br\/site\/wp-json\/wp\/v2\/comments?post=14304"}],"version-history":[{"count":0,"href":"https:\/\/sjcbancarios.com.br\/site\/wp-json\/wp\/v2\/posts\/14304\/revisions"}],"wp:featuredmedia":[{"embeddable":true,"href":"https:\/\/sjcbancarios.com.br\/site\/wp-json\/wp\/v2\/media\/14305"}],"wp:attachment":[{"href":"https:\/\/sjcbancarios.com.br\/site\/wp-json\/wp\/v2\/media?parent=14304"}],"wp:term":[{"taxonomy":"category","embeddable":true,"href":"https:\/\/sjcbancarios.com.br\/site\/wp-json\/wp\/v2\/categories?post=14304"},{"taxonomy":"post_tag","embeddable":true,"href":"https:\/\/sjcbancarios.com.br\/site\/wp-json\/wp\/v2\/tags?post=14304"}],"curies":[{"name":"wp","href":"https:\/\/api.w.org\/{rel}","templated":true}]}}