{"id":14284,"date":"2021-05-25T09:24:28","date_gmt":"2021-05-25T12:24:28","guid":{"rendered":"https:\/\/sjcbancarios.com.br\/site\/?p=14284"},"modified":"2021-05-25T09:24:28","modified_gmt":"2021-05-25T12:24:28","slug":"apos-cobranca-dos-sindicatos-itau-esclarece-duvidas-sobre-o-gera","status":"publish","type":"post","link":"https:\/\/sjcbancarios.com.br\/site\/noticias-em-destaque\/apos-cobranca-dos-sindicatos-itau-esclarece-duvidas-sobre-o-gera\/","title":{"rendered":"Ap\u00f3s cobran\u00e7a dos sindicatos Ita\u00fa esclarece d\u00favidas sobre o GERA"},"content":{"rendered":"<p style=\"text-align: justify;\"><span style=\"font-family: arial, helvetica, sans-serif;\">A Comiss\u00e3o de Organiza\u00e7\u00e3o dos Empregados (COE) do Ita\u00fa se reuniu com a dire\u00e7\u00e3o do banco, na ter\u00e7a-feira dia18, para voltar a debater a implanta\u00e7\u00e3o do programa de remunera\u00e7\u00e3o vari\u00e1vel \u201cGERA\u201d. No dia 7 de maio, a Confedera\u00e7\u00e3o Nacional dos Trabalhadores do Ramo Financeiro (Contraf-CUT) enviou um of\u00edcio com uma s\u00e9rie de questionamentos sobre o programa.<\/span><\/p>\n<p style=\"text-align: justify;\"><span style=\"font-family: arial, helvetica, sans-serif;\">\u201cO objetivo \u00e9 tornar o programa mais justo para os trabalhadores\u201d, explica Reginaldo Breda, secret\u00e1rio geral da Federa\u00e7\u00e3o dos Banc\u00e1rios dos Estados de S\u00e3o Paulo e Mato Grosso do Sul. \u201cVamos analisar as informa\u00e7\u00f5es apresentadas e se necess\u00e1rio prosseguirmos com novos questionamentos\u201d, completou.<\/span><\/p>\n<p style=\"text-align: justify;\"><span style=\"font-family: arial, helvetica, sans-serif;\"><strong>Projeto Ita\u00fa 2030<\/strong><\/span><br \/>\n<span style=\"font-family: arial, helvetica, sans-serif;\">O Projeto Ita\u00fa 2030 tamb\u00e9m foi abordado durante o encontro. A dire\u00e7\u00e3o do Banco apresentou mudan\u00e7as que foram feitas no projeto que est\u00e1 sendo implementado aos poucos em algumas ag\u00eancias do banco. As mudan\u00e7as incluem altera\u00e7\u00f5es na estrutura de cargos, com a unifica\u00e7\u00e3o das diretorias Comercial e Operacional. O projeto foi apresentado em dezembro pelo Banco, pela primeira vez, e come\u00e7ou a ser implantado em janeiro, segundo o Ita\u00fa, a princ\u00edpio em apenas 20 unidades. O Banco anunciou na reuni\u00e3o que pretende expandir o projeto para 9 estados, na base da Federa\u00e7\u00e3o dos Trabalhadores do Ramo Financeiro do Nordeste (Fetrani\/NE), no Esp\u00edrito Santo e em S\u00e3o Paulo, j\u00e1 com as altera\u00e7\u00f5es informadas hoje.<\/span><\/p>\n<p style=\"text-align: justify;\"><span style=\"font-family: arial, helvetica, sans-serif;\">A Comiss\u00e3o cobrou ainda o n\u00famero de envolvidos e data do in\u00edcio da nova fase do projeto.<\/span><\/p>\n<p style=\"text-align: justify;\"><span style=\"font-family: arial, helvetica, sans-serif;\"><strong>Emprego<\/strong><\/span><br \/>\n<span style=\"font-family: arial, helvetica, sans-serif;\">O movimento sindical cobrou o motivo de tantas demiss\u00f5es nos \u00faltimos meses. De acordo com o Banco, o n\u00famero de contrata\u00e7\u00f5es foi maior que o de demiss\u00f5es. Entretanto, os representantes dos trabalhadores lembraram que as demiss\u00f5es s\u00e3o feitas nas ag\u00eancias e nos departamentos e as contrata\u00e7\u00f5es nas \u00e1reas de tecnologia. A COE reivindicou a volta imediata da central de realoca\u00e7\u00e3o.<\/span><\/p>\n<p style=\"text-align: justify;\"><span style=\"font-family: arial, helvetica, sans-serif;\">Fonte: Federa\u00e7\u00e3o dos banc\u00e1rios de SPMS<\/span><\/p>\n","protected":false},"excerpt":{"rendered":"<p class=\"excerpt\">A Comiss\u00e3o de Organiza\u00e7\u00e3o dos Empregados (COE) do Ita\u00fa se reuniu com a dire\u00e7\u00e3o do banco, na ter\u00e7a-feira dia18, para voltar a debater a implanta\u00e7\u00e3o do programa de remunera\u00e7\u00e3o vari\u00e1vel \u201cGERA\u201d. No dia 7 de maio, a Confedera\u00e7\u00e3o Nacional dos Trabalhadores do Ramo Financeiro (Contraf-CUT) enviou um of\u00edcio com uma s\u00e9rie de questionamentos sobre o [&hellip;]<\/p>\n","protected":false},"author":2,"featured_media":14285,"comment_status":"closed","ping_status":"closed","sticky":false,"template":"","format":"standard","meta":{"_et_pb_use_builder":"","_et_pb_old_content":"","_et_gb_content_width":"","footnotes":""},"categories":[155],"tags":[],"class_list":["post-14284","post","type-post","status-publish","format-standard","has-post-thumbnail","hentry","category-noticias-em-destaque"],"_links":{"self":[{"href":"https:\/\/sjcbancarios.com.br\/site\/wp-json\/wp\/v2\/posts\/14284","targetHints":{"allow":["GET"]}}],"collection":[{"href":"https:\/\/sjcbancarios.com.br\/site\/wp-json\/wp\/v2\/posts"}],"about":[{"href":"https:\/\/sjcbancarios.com.br\/site\/wp-json\/wp\/v2\/types\/post"}],"author":[{"embeddable":true,"href":"https:\/\/sjcbancarios.com.br\/site\/wp-json\/wp\/v2\/users\/2"}],"replies":[{"embeddable":true,"href":"https:\/\/sjcbancarios.com.br\/site\/wp-json\/wp\/v2\/comments?post=14284"}],"version-history":[{"count":0,"href":"https:\/\/sjcbancarios.com.br\/site\/wp-json\/wp\/v2\/posts\/14284\/revisions"}],"wp:featuredmedia":[{"embeddable":true,"href":"https:\/\/sjcbancarios.com.br\/site\/wp-json\/wp\/v2\/media\/14285"}],"wp:attachment":[{"href":"https:\/\/sjcbancarios.com.br\/site\/wp-json\/wp\/v2\/media?parent=14284"}],"wp:term":[{"taxonomy":"category","embeddable":true,"href":"https:\/\/sjcbancarios.com.br\/site\/wp-json\/wp\/v2\/categories?post=14284"},{"taxonomy":"post_tag","embeddable":true,"href":"https:\/\/sjcbancarios.com.br\/site\/wp-json\/wp\/v2\/tags?post=14284"}],"curies":[{"name":"wp","href":"https:\/\/api.w.org\/{rel}","templated":true}]}}