{"id":14245,"date":"2021-05-06T17:44:45","date_gmt":"2021-05-06T20:44:45","guid":{"rendered":"https:\/\/sjcbancarios.com.br\/site\/?p=14245"},"modified":"2021-05-06T17:44:05","modified_gmt":"2021-05-06T20:44:05","slug":"fgv-mba-em-gestao-estrategica-de-pessoas-desenvolvimento-humano-de-gestores","status":"publish","type":"post","link":"https:\/\/sjcbancarios.com.br\/site\/noticias\/fgv-mba-em-gestao-estrategica-de-pessoas-desenvolvimento-humano-de-gestores\/","title":{"rendered":"MBA em Gest\u00e3o Estrat\u00e9gica de Pessoas: Desenvolvimento Humano de Gestores."},"content":{"rendered":"<p style=\"text-align: justify;\"><span style=\"font-family: arial, helvetica, sans-serif;\">Chegou seu momento de evoluir com as especializa\u00e7\u00f5es da Funda\u00e7\u00e3o Getulio Vargas. Conhe\u00e7a condi\u00e7\u00f5es imperd\u00edveis para o MBA em Gest\u00e3o Estrat\u00e9gica de Pessoas: Desenvolvimento Humano de Gestores.<\/span><br \/>\n<span style=\"font-family: arial, helvetica, sans-serif;\">Amplie sua vis\u00e3o como gestor e conhe\u00e7a as principais ferramentas do mercado relacionadas ao desenvolvimento humano, com ferramentas voltadas \u00e0 neuroci\u00eancia. A FGV conta com uma estrutura completa e com um corpo docente que \u00e9 refer\u00eancia no pa\u00eds.<\/span><\/p>\n<p style=\"text-align: justify;\"><span style=\"font-family: arial, helvetica, sans-serif;\">Aproveite e conhe\u00e7a os descontos especiais para o grupo. Fale conosco e garanta sua vaga!<\/span><\/p>\n<p style=\"text-align: justify;\"><span style=\"font-family: arial, helvetica, sans-serif;\">Maiores informa\u00e7\u00f5es: (12) 3924 8534<\/span><\/p>\n<p><img loading=\"lazy\" decoding=\"async\" class=\"alignnone  wp-image-14246\" src=\"https:\/\/sjcbancarios.com.br\/site\/wp-content\/uploads\/2021\/05\/MBA-FGV-169x300.jpeg\" alt=\"\" width=\"212\" height=\"376\" srcset=\"https:\/\/sjcbancarios.com.br\/site\/wp-content\/uploads\/2021\/05\/MBA-FGV-169x300.jpeg 169w, https:\/\/sjcbancarios.com.br\/site\/wp-content\/uploads\/2021\/05\/MBA-FGV-576x1024.jpeg 576w, https:\/\/sjcbancarios.com.br\/site\/wp-content\/uploads\/2021\/05\/MBA-FGV-14x24.jpeg 14w, https:\/\/sjcbancarios.com.br\/site\/wp-content\/uploads\/2021\/05\/MBA-FGV-20x36.jpeg 20w, https:\/\/sjcbancarios.com.br\/site\/wp-content\/uploads\/2021\/05\/MBA-FGV-27x48.jpeg 27w, https:\/\/sjcbancarios.com.br\/site\/wp-content\/uploads\/2021\/05\/MBA-FGV.jpeg 720w\" sizes=\"(max-width: 212px) 100vw, 212px\" \/><\/p>\n<p style=\"text-align: justify;\">\u00a0<\/p>\n","protected":false},"excerpt":{"rendered":"<p class=\"excerpt\">Chegou seu momento de evoluir com as especializa\u00e7\u00f5es da Funda\u00e7\u00e3o Getulio Vargas. Conhe\u00e7a condi\u00e7\u00f5es imperd\u00edveis para o MBA em Gest\u00e3o Estrat\u00e9gica de Pessoas: Desenvolvimento Humano de Gestores. Amplie sua vis\u00e3o como gestor e conhe\u00e7a as principais ferramentas do mercado relacionadas ao desenvolvimento humano, com ferramentas voltadas \u00e0 neuroci\u00eancia. A FGV conta com uma estrutura completa [&hellip;]<\/p>\n","protected":false},"author":2,"featured_media":14248,"comment_status":"closed","ping_status":"closed","sticky":false,"template":"","format":"standard","meta":{"_et_pb_use_builder":"","_et_pb_old_content":"","_et_gb_content_width":"","footnotes":""},"categories":[13],"tags":[],"class_list":["post-14245","post","type-post","status-publish","format-standard","has-post-thumbnail","hentry","category-noticias"],"_links":{"self":[{"href":"https:\/\/sjcbancarios.com.br\/site\/wp-json\/wp\/v2\/posts\/14245","targetHints":{"allow":["GET"]}}],"collection":[{"href":"https:\/\/sjcbancarios.com.br\/site\/wp-json\/wp\/v2\/posts"}],"about":[{"href":"https:\/\/sjcbancarios.com.br\/site\/wp-json\/wp\/v2\/types\/post"}],"author":[{"embeddable":true,"href":"https:\/\/sjcbancarios.com.br\/site\/wp-json\/wp\/v2\/users\/2"}],"replies":[{"embeddable":true,"href":"https:\/\/sjcbancarios.com.br\/site\/wp-json\/wp\/v2\/comments?post=14245"}],"version-history":[{"count":0,"href":"https:\/\/sjcbancarios.com.br\/site\/wp-json\/wp\/v2\/posts\/14245\/revisions"}],"wp:featuredmedia":[{"embeddable":true,"href":"https:\/\/sjcbancarios.com.br\/site\/wp-json\/wp\/v2\/media\/14248"}],"wp:attachment":[{"href":"https:\/\/sjcbancarios.com.br\/site\/wp-json\/wp\/v2\/media?parent=14245"}],"wp:term":[{"taxonomy":"category","embeddable":true,"href":"https:\/\/sjcbancarios.com.br\/site\/wp-json\/wp\/v2\/categories?post=14245"},{"taxonomy":"post_tag","embeddable":true,"href":"https:\/\/sjcbancarios.com.br\/site\/wp-json\/wp\/v2\/tags?post=14245"}],"curies":[{"name":"wp","href":"https:\/\/api.w.org\/{rel}","templated":true}]}}