{"id":14239,"date":"2021-05-06T16:56:33","date_gmt":"2021-05-06T19:56:33","guid":{"rendered":"https:\/\/sjcbancarios.com.br\/site\/?p=14239"},"modified":"2021-05-06T17:04:03","modified_gmt":"2021-05-06T20:04:03","slug":"atencao-acao-de-correcao-do-fgts","status":"publish","type":"post","link":"https:\/\/sjcbancarios.com.br\/site\/noticias-em-destaque\/atencao-acao-de-correcao-do-fgts\/","title":{"rendered":"ATEN\u00c7\u00c3O &#8211; A\u00e7\u00e3o de corre\u00e7\u00e3o do FGTS"},"content":{"rendered":"<p style=\"text-align: justify;\"><span style=\"font-family: arial, helvetica, sans-serif;\">Nos \u00faltimos 21 anos os trabalhadores v\u00eam perdendo dinheiro com os rendimentos do Fundo de Garantia do Tempo de Servi\u00e7o (FGTS). Isto porque o fundo \u00e9 corrigido pela TR (Taxa Referencial) \u2013 que desde setembro de 2017 est\u00e1 zerada \u2013, mais juros de 3% ao ano.<\/span><\/p>\n<p style=\"text-align: justify;\"><span style=\"font-family: arial, helvetica, sans-serif;\">A corre\u00e7\u00e3o feita neste per\u00edodo n\u00e3o consegue ser maior que a infla\u00e7\u00e3o, que alcan\u00e7ou 6,10% somente no acumulado dos 12 \u00faltimos meses, de acordo com o IPCA (\u00cdndice Nacional de Pre\u00e7os ao Consumidor Amplo).<\/span><\/p>\n<p style=\"text-align: justify;\"><span style=\"font-family: arial, helvetica, sans-serif;\">Contudo, a situa\u00e7\u00e3o pode mudar nos pr\u00f3ximos dias. O Supremo Tribunal Federal (STF) marcou para 13 de maio o julgamento de uma A\u00e7\u00e3o Direta de Inconstitucionalidade (ADI), movida pelo Partido Solidariedade, que pode alterar a forma de corre\u00e7\u00e3o do FGTS e beneficiar quem teve saldo em algum momento desde janeiro de 1999 \u2014 mesmo que todo o dinheiro j\u00e1 tenha sido sacado.<\/span><\/p>\n<p style=\"text-align: justify;\"><span style=\"font-family: arial, helvetica, sans-serif;\">Caso a decis\u00e3o do STF seja favor\u00e1vel aos trabalhadores, existir\u00e1 a chance de restitui\u00e7\u00e3o de perdas devido \u00e0 atualiza\u00e7\u00e3o dos valores abaixo do \u00edndice de infla\u00e7\u00e3o nos \u00faltimos 22 anos.<\/span><\/p>\n<p style=\"text-align: justify;\"><span style=\"font-family: arial, helvetica, sans-serif;\"><strong>A\u00e7\u00e3o do Sindicato<\/strong><\/span><\/p>\n<p style=\"text-align: justify;\"><span style=\"font-family: arial, helvetica, sans-serif;\"><em>N\u00famero novo do processo no Tribunal 5006732-81.2018.4.03.6103<\/em><\/span><\/p>\n<p style=\"text-align: justify;\"><span style=\"font-family: arial, helvetica, sans-serif;\">Essa n\u00e3o \u00e9 a a\u00e7\u00e3o coletiva do Sindicato; a a\u00e7\u00e3o coletiva do Sindicato dos banc\u00e1rios de S\u00e3o Jos\u00e9 dos Campos e Regi\u00e3o,\u00a0 est\u00e1 entre as 400 mil a\u00e7\u00f5es que tiveram seu andamento suspensa, aguardando esse julgamento. Se o resultado no STF for favor\u00e1vel aos interesses dos trabalhadores, reconhecendo o direito \u00e0s diferen\u00e7as, a a\u00e7\u00e3o do Sindicato dever\u00e1 ser julgada favoravelmente tamb\u00e9m.<\/span><br \/>\n<span style=\"font-family: arial, helvetica, sans-serif;\">N\u00e3o \u00e9 necess\u00e1rio que as pessoas, mesmo que n\u00e3o abrangidas pela a\u00e7\u00e3o do sindicato, entrem com a\u00e7\u00f5es antes do dia 13 de maio. Caso o STF julgue a nosso favor, a\u00ed sim avaliaremos a possibilidade de a\u00e7\u00f5es individuais ou de novas a\u00e7\u00f5es coletivas para que todos sejam beneficiados.<\/span><\/p>\n<p style=\"text-align: justify;\"><span style=\"font-family: arial, helvetica, sans-serif;\">A dire\u00e7\u00e3o do Sindicato e o Departamento Jur\u00eddico est\u00e3o analisando permanentemente e informar\u00e3o a respeito da necessidade de tomada de alguma atitude pelos banc\u00e1rios.<\/span><\/p>\n<p style=\"text-align: justify;\"><span style=\"font-family: arial, helvetica, sans-serif;\">Quem est\u00e1 abrangido pela a\u00e7\u00e3o do sindicato nesse momento? Todos os associados ao sindicato at\u00e9 outubro de 2013, incluindo os aposentados, ainda que tenham sa\u00eddo de nossa base territorial.<\/span><\/p>\n<p style=\"text-align: justify;\"><span style=\"font-family: arial, helvetica, sans-serif;\"> &#8220;O Sindicato est\u00e1 tentando representar tamb\u00e9m os n\u00e3o associados, mas eventualmente pode haver decis\u00e3o no sentido de que isso n\u00e3o \u00e9 poss\u00edvel. Quem n\u00e3o tem a\u00e7\u00e3o individual nem est\u00e1 abrangido por nossa a\u00e7\u00e3o coletiva ou alguma de outra entidade sindical, deve aguardar o julgamento e posterior orienta\u00e7\u00e3o&#8221;, informa Marcus Vin\u00edcius Palmeira, diretor respons\u00e1vel pelo departamento jur\u00eddico do Sindicato.<\/span><\/p>\n<p style=\"text-align: justify;\"><span style=\"font-family: arial, helvetica, sans-serif;\">&#8220;Cuidado com informa\u00e7\u00f5es alarmistas sobre esse assunto. Confie apenas em fontes seguras de informa\u00e7\u00e3o&#8221;, completa o diretor do Sindicato, |Marcus Vin\u00edcius.<\/span><\/p>\n<p style=\"text-align: justify;\"><span style=\"font-family: arial, helvetica, sans-serif;\">Fonte: Departamento Jur\u00eddico Sindicato dos Banc\u00e1rios de SJCampos e Regi\u00e3o.<\/span><\/p>\n","protected":false},"excerpt":{"rendered":"<p class=\"excerpt\">Nos \u00faltimos 21 anos os trabalhadores v\u00eam perdendo dinheiro com os rendimentos do Fundo de Garantia do Tempo de Servi\u00e7o (FGTS). Isto porque o fundo \u00e9 corrigido pela TR (Taxa Referencial) \u2013 que desde setembro de 2017 est\u00e1 zerada \u2013, mais juros de 3% ao ano. A corre\u00e7\u00e3o feita neste per\u00edodo n\u00e3o consegue ser maior [&hellip;]<\/p>\n","protected":false},"author":2,"featured_media":14241,"comment_status":"closed","ping_status":"closed","sticky":false,"template":"","format":"standard","meta":{"_et_pb_use_builder":"","_et_pb_old_content":"","_et_gb_content_width":"","footnotes":""},"categories":[155],"tags":[],"class_list":["post-14239","post","type-post","status-publish","format-standard","has-post-thumbnail","hentry","category-noticias-em-destaque"],"_links":{"self":[{"href":"https:\/\/sjcbancarios.com.br\/site\/wp-json\/wp\/v2\/posts\/14239","targetHints":{"allow":["GET"]}}],"collection":[{"href":"https:\/\/sjcbancarios.com.br\/site\/wp-json\/wp\/v2\/posts"}],"about":[{"href":"https:\/\/sjcbancarios.com.br\/site\/wp-json\/wp\/v2\/types\/post"}],"author":[{"embeddable":true,"href":"https:\/\/sjcbancarios.com.br\/site\/wp-json\/wp\/v2\/users\/2"}],"replies":[{"embeddable":true,"href":"https:\/\/sjcbancarios.com.br\/site\/wp-json\/wp\/v2\/comments?post=14239"}],"version-history":[{"count":0,"href":"https:\/\/sjcbancarios.com.br\/site\/wp-json\/wp\/v2\/posts\/14239\/revisions"}],"wp:featuredmedia":[{"embeddable":true,"href":"https:\/\/sjcbancarios.com.br\/site\/wp-json\/wp\/v2\/media\/14241"}],"wp:attachment":[{"href":"https:\/\/sjcbancarios.com.br\/site\/wp-json\/wp\/v2\/media?parent=14239"}],"wp:term":[{"taxonomy":"category","embeddable":true,"href":"https:\/\/sjcbancarios.com.br\/site\/wp-json\/wp\/v2\/categories?post=14239"},{"taxonomy":"post_tag","embeddable":true,"href":"https:\/\/sjcbancarios.com.br\/site\/wp-json\/wp\/v2\/tags?post=14239"}],"curies":[{"name":"wp","href":"https:\/\/api.w.org\/{rel}","templated":true}]}}