{"id":14178,"date":"2021-04-13T15:55:02","date_gmt":"2021-04-13T18:55:02","guid":{"rendered":"https:\/\/sjcbancarios.com.br\/site\/?p=14178"},"modified":"2021-04-13T15:55:02","modified_gmt":"2021-04-13T18:55:02","slug":"sindicato-apoia-chapa-1-para-eleicao-da-fundacao-itau-unibanco","status":"publish","type":"post","link":"https:\/\/sjcbancarios.com.br\/site\/noticias-em-destaque\/sindicato-apoia-chapa-1-para-eleicao-da-fundacao-itau-unibanco\/","title":{"rendered":"Sindicato apoia Chapa 1 para elei\u00e7\u00e3o da Funda\u00e7\u00e3o Ita\u00fa\/Unibanco"},"content":{"rendered":"<p style=\"text-align: justify;\"><span style=\"font-family: arial, helvetica, sans-serif;\"><em>Vota\u00e7\u00f5es ocorrem entre 5 e 13 de maio<\/em><\/span><\/p>\n<p style=\"text-align: justify;\"><span style=\"font-family: arial, helvetica, sans-serif;\">O Sindicato dos banc\u00e1rios de S\u00e3o Jos\u00e9 dos Campos e Regi\u00e3o, apoia para as elei\u00e7\u00f5es do Conselho Fiscal e Comit\u00eas de Planos da Funda\u00e7\u00e3o Ita\u00fa-Unibanco, a Chapa 1 \u2013 \u201cFunda\u00e7\u00e3o para todos, o futuro \u00e9 nosso\u201d. As elei\u00e7\u00f5es ocorrem do dia 5 ao dia 13 de maio e v\u00e3o definir os representantes dos participantes ativos, autopatrocinados, optantes pelo BPD e em fase de op\u00e7\u00e3o e dos participantes assistidos no Conselho Deliberativo, no Conselho Fiscal e nos Comit\u00eas de Planos. A apura\u00e7\u00e3o est\u00e1 prevista para o dia 13 de maio e a divulga\u00e7\u00e3o dos eleitos ser\u00e1 entre os dias 14 e 17 de maio, com posse programada para 02 de agosto.<\/span><br \/>\n<span style=\"font-family: arial, helvetica, sans-serif;\">\u201cA amplia\u00e7\u00e3o da representa\u00e7\u00e3o dos participantes nos Conselhos e a cria\u00e7\u00e3o dos Comit\u00eas de Gest\u00e3o por grupos de plano \u00e9 uma conquista dos funcion\u00e1rios do Ita\u00fa-Unibanco e resultado de muita luta e negocia\u00e7\u00e3o\u201d, destaca o secret\u00e1rio geral da Feeb SP\/MS, Reginaldo Breda.<\/span><\/p>\n<p style=\"text-align: justify;\"><span style=\"font-family: arial, helvetica, sans-serif;\"><strong>Como votar<\/strong><\/span><br \/>\n<span style=\"font-family: arial, helvetica, sans-serif;\">Poder\u00e3o votar os banc\u00e1rios ativos e assistidos, que sejam participantes da Funda\u00e7\u00e3o Ita\u00fa e estejam alocados em um plano. Cada eleitor poder\u00e1 votar apenas uma vez, independentemente do n\u00famero de benef\u00edcios que receba da Funda\u00e7\u00e3o. Para a vota\u00e7\u00e3o nos conselhos, o participante vota na chapa. J\u00e1 para a elei\u00e7\u00e3o dos Comit\u00eas de Gest\u00e3o de Planos, o voto \u00e9 individual.<\/span><\/p>\n<p style=\"text-align: justify;\"><span style=\"font-family: arial, helvetica, sans-serif;\">A vota\u00e7\u00e3o ser\u00e1 virtual, somente pelo site: <a href=\"https:\/\/www.fundacaoitauunibanco.com.br\/\">https:\/\/www.fundacaoitauunibanco.com.br\/<\/a>, com o participante utilizando sua senha cadastrada junto \u00e0 Funda\u00e7\u00e3o.<\/span><\/p>\n<p style=\"text-align: justify;\"><span style=\"font-family: arial, helvetica, sans-serif;\">Em caso de d\u00favidas, ligue para os telefones da Funda\u00e7\u00e3o: Capitais e regi\u00f5es metropolitanas 4002-1299; demais localidades 0800 770 2299; deficientes auditivos ou de fala 0800 770 2399.<\/span><\/p>\n<p>&nbsp;<\/p>\n<p>FONTE: Federa\u00e7\u00e3o dos Banc\u00e1rios de SPMS<\/p>\n","protected":false},"excerpt":{"rendered":"<p class=\"excerpt\">Vota\u00e7\u00f5es ocorrem entre 5 e 13 de maio O Sindicato dos banc\u00e1rios de S\u00e3o Jos\u00e9 dos Campos e Regi\u00e3o, apoia para as elei\u00e7\u00f5es do Conselho Fiscal e Comit\u00eas de Planos da Funda\u00e7\u00e3o Ita\u00fa-Unibanco, a Chapa 1 \u2013 \u201cFunda\u00e7\u00e3o para todos, o futuro \u00e9 nosso\u201d. As elei\u00e7\u00f5es ocorrem do dia 5 ao dia 13 de maio [&hellip;]<\/p>\n","protected":false},"author":2,"featured_media":14179,"comment_status":"closed","ping_status":"closed","sticky":false,"template":"","format":"standard","meta":{"_et_pb_use_builder":"","_et_pb_old_content":"","_et_gb_content_width":"","footnotes":""},"categories":[155],"tags":[],"class_list":["post-14178","post","type-post","status-publish","format-standard","has-post-thumbnail","hentry","category-noticias-em-destaque"],"_links":{"self":[{"href":"https:\/\/sjcbancarios.com.br\/site\/wp-json\/wp\/v2\/posts\/14178","targetHints":{"allow":["GET"]}}],"collection":[{"href":"https:\/\/sjcbancarios.com.br\/site\/wp-json\/wp\/v2\/posts"}],"about":[{"href":"https:\/\/sjcbancarios.com.br\/site\/wp-json\/wp\/v2\/types\/post"}],"author":[{"embeddable":true,"href":"https:\/\/sjcbancarios.com.br\/site\/wp-json\/wp\/v2\/users\/2"}],"replies":[{"embeddable":true,"href":"https:\/\/sjcbancarios.com.br\/site\/wp-json\/wp\/v2\/comments?post=14178"}],"version-history":[{"count":0,"href":"https:\/\/sjcbancarios.com.br\/site\/wp-json\/wp\/v2\/posts\/14178\/revisions"}],"wp:featuredmedia":[{"embeddable":true,"href":"https:\/\/sjcbancarios.com.br\/site\/wp-json\/wp\/v2\/media\/14179"}],"wp:attachment":[{"href":"https:\/\/sjcbancarios.com.br\/site\/wp-json\/wp\/v2\/media?parent=14178"}],"wp:term":[{"taxonomy":"category","embeddable":true,"href":"https:\/\/sjcbancarios.com.br\/site\/wp-json\/wp\/v2\/categories?post=14178"},{"taxonomy":"post_tag","embeddable":true,"href":"https:\/\/sjcbancarios.com.br\/site\/wp-json\/wp\/v2\/tags?post=14178"}],"curies":[{"name":"wp","href":"https:\/\/api.w.org\/{rel}","templated":true}]}}