{"id":14166,"date":"2021-04-06T08:36:10","date_gmt":"2021-04-06T11:36:10","guid":{"rendered":"https:\/\/sjcbancarios.com.br\/site\/?p=14166"},"modified":"2021-04-06T08:36:10","modified_gmt":"2021-04-06T11:36:10","slug":"bradesco-sindicatos-conquistam-avancos-sobre-questoes-de-saude","status":"publish","type":"post","link":"https:\/\/sjcbancarios.com.br\/site\/noticias-em-destaque\/bradesco-sindicatos-conquistam-avancos-sobre-questoes-de-saude\/","title":{"rendered":"Bradesco &#8211; Sindicatos conquistam avan\u00e7os sobre quest\u00f5es de sa\u00fade."},"content":{"rendered":"<p style=\"text-align: justify;\"><span style=\"font-family: arial, helvetica, sans-serif;\"><em>Testagem da Covid-19 para os dependentes, refor\u00e7o dos protocolos e antecipa\u00e7\u00e3o do 13\u00ba tamb\u00e9m foram temas da reuni\u00e3o entre sindicalistas e banco, realizada dia 31\/3.<\/em><\/span><\/p>\n<p style=\"text-align: justify;\"><span style=\"font-family: arial, helvetica, sans-serif;\">A comiss\u00e3o de empresa (COE) pressionou e o Bradesco informou, em reuni\u00e3o realizada na ultima quarta-feira, dia 31, que o calend\u00e1rio da vacina da gripe H1N1 para todos os funcion\u00e1rios da institui\u00e7\u00e3o financeira, ser\u00e1 antecipado para o dia 19 de abril.<\/span><\/p>\n<p style=\"text-align: justify;\"><span style=\"font-family: arial, helvetica, sans-serif;\">Neste ponto de pauta, os representantes dos banc\u00e1rios pediram que as regi\u00f5es mais frias, que t\u00eam o inverno mais rigoroso, sejam priorizadas neste in\u00edcio da campanha de vacina\u00e7\u00e3o.<\/span><\/p>\n<p style=\"text-align: justify;\"><span style=\"font-family: arial, helvetica, sans-serif;\"><strong>Testagem para os dependentes<\/strong><\/span><\/p>\n<p style=\"text-align: justify;\"><span style=\"font-family: arial, helvetica, sans-serif;\">Outro tema abordado que obteve avan\u00e7o foi em rela\u00e7\u00e3o \u00e0 amplia\u00e7\u00e3o da testagem da Covid-19 para os dependentes dos funcion\u00e1rios. O pedido foi atendido pelo Bradesco, que ir\u00e1 viabilizar os testes em todo o territ\u00f3rio nacional. Segundo os representantes do Banco, dada a import\u00e2ncia da tem\u00e1tica dentro da organiza\u00e7\u00e3o dos trabalhadores, o Banco ir\u00e1 realizar uma nova campanha extensiva de testagem aos dependentes, seguindo o mesmo modelo do ano passado e sem a necessidade de um pedido m\u00e9dico e de um quadro cl\u00ednico ativo. Basta se dirigir aos laborat\u00f3rios credenciados no per\u00edodo entre 1\u00ba a 16 de abril.<\/span><\/p>\n<p style=\"text-align: justify;\"><span style=\"font-family: arial, helvetica, sans-serif;\">A COE pediu a extens\u00e3o do prazo, dada a gravidade do momento. O pedido ser\u00e1 avaliado, mas \u00e0 princ\u00edpio o calend\u00e1rio ser\u00e1 at\u00e9 o dia 16 de abril.<\/span><\/p>\n<p style=\"text-align: justify;\"><span style=\"font-family: arial, helvetica, sans-serif;\"><strong>Refor\u00e7o dos protocolos da Covid-19<\/strong><\/span><\/p>\n<p style=\"text-align: justify;\"><span style=\"font-family: arial, helvetica, sans-serif;\">Durante a reuni\u00e3o, foi feita uma nova discuss\u00e3o em rela\u00e7\u00e3o aos protocolos da pandemia do coronav\u00edrus. A Comiss\u00e3o dos Empregados do Bradesco (COE) refor\u00e7ou os pedidos de medidas de seguran\u00e7a; de fechamento das ag\u00eancias que tiveram funcion\u00e1rios com testagem positiva; da sanitiza\u00e7\u00e3o dos locais de trabalho; al\u00e9m da manuten\u00e7\u00e3o do home office, mantendo o distanciamento social.<\/span><\/p>\n<p style=\"text-align: justify;\"><span style=\"font-family: arial, helvetica, sans-serif;\"><strong>N\u00e3o \u00e0s visitas e metas abusivas<\/strong><\/span><\/p>\n<p style=\"text-align: justify;\"><span style=\"font-family: arial, helvetica, sans-serif;\">Tamb\u00e9m foi refor\u00e7ado o pedido da suspens\u00f5es das visitas e da cobran\u00e7a excessiva por metas abusivas, durante o per\u00edodo de pandemia. Estes tem sido temas constantes de luta da COE do Bradesco nas mesas de negocia\u00e7\u00f5es.<\/span><\/p>\n<p style=\"text-align: justify;\"><span style=\"font-family: arial, helvetica, sans-serif;\"><strong>Antecipa\u00e7\u00e3o do 13\u00ba<\/strong><\/span><\/p>\n<p style=\"text-align: justify;\"><span style=\"font-family: arial, helvetica, sans-serif;\">Outro ponto da pauta de reinvindica\u00e7\u00f5es foi referente a antecipa\u00e7\u00e3o da parcela do 13\u00ba de maio para abril. O Bradesco ficou de dar um retorno em rela\u00e7\u00e3o a isso.<\/span><\/p>\n<p style=\"text-align: justify;\"><span style=\"font-family: arial, helvetica, sans-serif;\"><strong>Negativa<\/strong><\/span><\/p>\n<p style=\"text-align: justify;\"><span style=\"font-family: arial, helvetica, sans-serif;\">A comiss\u00e3o de empresa pediram a prorroga\u00e7\u00e3o do Plano de Sa\u00fade para os desligados no PDV de 2019. Houve uma nega\u00e7\u00e3o do Banco referente a este pedido.<\/span><\/p>\n<p style=\"text-align: justify;\"><span style=\"font-family: arial, helvetica, sans-serif;\"><strong>Servi\u00e7o<\/strong><\/span><\/p>\n<p style=\"text-align: justify;\"><span style=\"font-family: arial, helvetica, sans-serif;\">O canal dispon\u00edvel para o servi\u00e7o de testagem da Covid-19, com triagem e avalia\u00e7\u00e3o de protocolos \u00e9 o Ligue Viva Bem (0800 701 1212). Funciona 24h durante todos os dias da semana, com uma equipe multiprofissional \u00e0 disposi\u00e7\u00e3o,<\/span> que atende todo o Brasil. Al\u00e9m do canal de e-mail corporativo vivabem@bradesco.com.br.<\/p>\n<p>&nbsp;<\/p>\n<p>Fonte: Federa\u00e7\u00e3o dos banc\u00e1rios de SPMS<\/p>\n","protected":false},"excerpt":{"rendered":"<p class=\"excerpt\">Testagem da Covid-19 para os dependentes, refor\u00e7o dos protocolos e antecipa\u00e7\u00e3o do 13\u00ba tamb\u00e9m foram temas da reuni\u00e3o entre sindicalistas e banco, realizada dia 31\/3. A comiss\u00e3o de empresa (COE) pressionou e o Bradesco informou, em reuni\u00e3o realizada na ultima quarta-feira, dia 31, que o calend\u00e1rio da vacina da gripe H1N1 para todos os funcion\u00e1rios [&hellip;]<\/p>\n","protected":false},"author":2,"featured_media":13608,"comment_status":"closed","ping_status":"closed","sticky":false,"template":"","format":"standard","meta":{"_et_pb_use_builder":"","_et_pb_old_content":"","_et_gb_content_width":"","footnotes":""},"categories":[155],"tags":[],"class_list":["post-14166","post","type-post","status-publish","format-standard","has-post-thumbnail","hentry","category-noticias-em-destaque"],"_links":{"self":[{"href":"https:\/\/sjcbancarios.com.br\/site\/wp-json\/wp\/v2\/posts\/14166","targetHints":{"allow":["GET"]}}],"collection":[{"href":"https:\/\/sjcbancarios.com.br\/site\/wp-json\/wp\/v2\/posts"}],"about":[{"href":"https:\/\/sjcbancarios.com.br\/site\/wp-json\/wp\/v2\/types\/post"}],"author":[{"embeddable":true,"href":"https:\/\/sjcbancarios.com.br\/site\/wp-json\/wp\/v2\/users\/2"}],"replies":[{"embeddable":true,"href":"https:\/\/sjcbancarios.com.br\/site\/wp-json\/wp\/v2\/comments?post=14166"}],"version-history":[{"count":0,"href":"https:\/\/sjcbancarios.com.br\/site\/wp-json\/wp\/v2\/posts\/14166\/revisions"}],"wp:featuredmedia":[{"embeddable":true,"href":"https:\/\/sjcbancarios.com.br\/site\/wp-json\/wp\/v2\/media\/13608"}],"wp:attachment":[{"href":"https:\/\/sjcbancarios.com.br\/site\/wp-json\/wp\/v2\/media?parent=14166"}],"wp:term":[{"taxonomy":"category","embeddable":true,"href":"https:\/\/sjcbancarios.com.br\/site\/wp-json\/wp\/v2\/categories?post=14166"},{"taxonomy":"post_tag","embeddable":true,"href":"https:\/\/sjcbancarios.com.br\/site\/wp-json\/wp\/v2\/tags?post=14166"}],"curies":[{"name":"wp","href":"https:\/\/api.w.org\/{rel}","templated":true}]}}