{"id":14160,"date":"2021-04-01T13:58:14","date_gmt":"2021-04-01T16:58:14","guid":{"rendered":"https:\/\/sjcbancarios.com.br\/site\/?p=14160"},"modified":"2021-04-01T15:04:59","modified_gmt":"2021-04-01T18:04:59","slug":"acao-judicial-da-federacao-dos-bancarios-spms-faz-economus-reabrir-o-novo-feas","status":"publish","type":"post","link":"https:\/\/sjcbancarios.com.br\/site\/noticias-em-destaque\/acao-judicial-da-federacao-dos-bancarios-spms-faz-economus-reabrir-o-novo-feas\/","title":{"rendered":"A\u00e7\u00e3o Judicial da Federa\u00e7\u00e3o dos banc\u00e1rios SPMS faz Economus reabrir o novo FEAS."},"content":{"rendered":"<p style=\"text-align: justify;\"><span style=\"font-family: arial, helvetica, sans-serif;\">Os empregados do Banco do Brasil egressos do BNC, quando ativos no Banco s\u00e3o benefici\u00e1rios do Plano Plus. Quando se aposentavam pelo Economus migravam para o Plano Economus Feas. No final de 2020, as regras mudaram. O Economus fechou o ingresso de novas ades\u00f5es ao Plano Feas, apenas permitindo a migra\u00e7\u00e3o ao Plano Fam\u00edlia que \u00e9 invi\u00e1vel economicamente.<\/span><\/p>\n<p style=\"text-align: justify;\"><span style=\"font-family: arial, helvetica, sans-serif;\">Em decorr\u00eancia do fechamento do Feas e pelo descumprimento do art. 31, da Lei 9656, de 1998 (Lei dos Planos de Sa\u00fade), a Federa\u00e7\u00e3o ajuizou a\u00e7\u00e3o coletiva para manuten\u00e7\u00e3o deste trabalhadores no Plano Plus (recolhendo a parte do empregado e patronal).<\/span><\/p>\n<p style=\"text-align: justify;\"><span style=\"font-family: arial, helvetica, sans-serif;\">A Ju\u00edza da 20\u00aa Vara C\u00edvel de Bras\u00edlia, conforme pleiteado pela Federa\u00e7\u00e3o, determinou ao Economus e ao Banco do Brasil que os aposentados egressos do Banco Nossa Caixa tenham direito na manuten\u00e7\u00e3o do Plano Plus. O Banco do Brasil e o Economus j\u00e1 foram intimados da decis\u00e3o judicial, mas at\u00e9 o presente momento n\u00e3o cumpriram a determina\u00e7\u00e3o. A Federa\u00e7\u00e3o requereu a majora\u00e7\u00e3o da multa di\u00e1ria, hoje de R$ 3.000,00 e o Banco do Brasil apresentou embargos de declara\u00e7\u00e3o (medida judicial para solicitar esclarecimentos \u00e0 Ju\u00edza).<\/span><\/p>\n<p style=\"text-align: justify;\"><span style=\"font-family: arial, helvetica, sans-serif;\">O Economus em n\u00edtido recuo decorrente da acao judicial da Federa\u00e7\u00e3o reabriu o plano de sa\u00fade Novo Feas, fechado em janeiro deste ano.<\/span><\/p>\n<p style=\"text-align: justify;\"><span style=\"font-family: arial, helvetica, sans-serif;\">A postura do Economus evidencia o resultado positivo da acao judicial da Federa\u00e7\u00e3o, que fez o Economus reconsiderar as altera\u00e7\u00f5es lesivas do plano de sa\u00fade aos associados.<\/span><\/p>\n<p style=\"text-align: justify;\"><span style=\"font-family: arial, helvetica, sans-serif;\">Apesar da melhora de cen\u00e1rio para os banc\u00e1rios oriundos do BNC, a Federa\u00e7\u00e3o manter\u00e1 a a\u00e7\u00e3o judicial.<\/span><\/p>\n<p style=\"text-align: justify;\"><span style=\"font-family: arial, helvetica, sans-serif;\">A Federa\u00e7\u00e3o mantem a recomenda\u00e7\u00e3o anterior de que os banc\u00e1rios devem fazer a op\u00e7\u00e3o do plano (Fam\u00edlia, Feas ou algum Plano de Mercado) desvinculados da a\u00e7\u00e3o judicial, j\u00e1 que apesar da liminar ainda teremos muita discuss\u00e3o judicial. Simultaneamente da op\u00e7\u00e3o do plano, a Federa\u00e7\u00e3o recomenda que os banc\u00e1rios, antes do \u00faltimo dia de trabalho, formalizem por e-mail a inten\u00e7\u00e3o de manuten\u00e7\u00e3o no plano plus e ou migra\u00e7\u00e3o para a Cassi.<\/span><\/p>\n<p style=\"text-align: justify;\"><span style=\"font-family: arial, helvetica, sans-serif;\">Fonte: Federa\u00e7\u00e3o dos banc\u00e1rios de SPMS.<\/span><\/p>\n","protected":false},"excerpt":{"rendered":"<p class=\"excerpt\">Os empregados do Banco do Brasil egressos do BNC, quando ativos no Banco s\u00e3o benefici\u00e1rios do Plano Plus. Quando se aposentavam pelo Economus migravam para o Plano Economus Feas. No final de 2020, as regras mudaram. O Economus fechou o ingresso de novas ades\u00f5es ao Plano Feas, apenas permitindo a migra\u00e7\u00e3o ao Plano Fam\u00edlia que [&hellip;]<\/p>\n","protected":false},"author":2,"featured_media":14161,"comment_status":"closed","ping_status":"closed","sticky":false,"template":"","format":"standard","meta":{"_et_pb_use_builder":"","_et_pb_old_content":"","_et_gb_content_width":"","footnotes":""},"categories":[155],"tags":[],"class_list":["post-14160","post","type-post","status-publish","format-standard","has-post-thumbnail","hentry","category-noticias-em-destaque"],"_links":{"self":[{"href":"https:\/\/sjcbancarios.com.br\/site\/wp-json\/wp\/v2\/posts\/14160","targetHints":{"allow":["GET"]}}],"collection":[{"href":"https:\/\/sjcbancarios.com.br\/site\/wp-json\/wp\/v2\/posts"}],"about":[{"href":"https:\/\/sjcbancarios.com.br\/site\/wp-json\/wp\/v2\/types\/post"}],"author":[{"embeddable":true,"href":"https:\/\/sjcbancarios.com.br\/site\/wp-json\/wp\/v2\/users\/2"}],"replies":[{"embeddable":true,"href":"https:\/\/sjcbancarios.com.br\/site\/wp-json\/wp\/v2\/comments?post=14160"}],"version-history":[{"count":0,"href":"https:\/\/sjcbancarios.com.br\/site\/wp-json\/wp\/v2\/posts\/14160\/revisions"}],"wp:featuredmedia":[{"embeddable":true,"href":"https:\/\/sjcbancarios.com.br\/site\/wp-json\/wp\/v2\/media\/14161"}],"wp:attachment":[{"href":"https:\/\/sjcbancarios.com.br\/site\/wp-json\/wp\/v2\/media?parent=14160"}],"wp:term":[{"taxonomy":"category","embeddable":true,"href":"https:\/\/sjcbancarios.com.br\/site\/wp-json\/wp\/v2\/categories?post=14160"},{"taxonomy":"post_tag","embeddable":true,"href":"https:\/\/sjcbancarios.com.br\/site\/wp-json\/wp\/v2\/tags?post=14160"}],"curies":[{"name":"wp","href":"https:\/\/api.w.org\/{rel}","templated":true}]}}