{"id":14156,"date":"2021-04-01T14:50:44","date_gmt":"2021-04-01T17:50:44","guid":{"rendered":"https:\/\/sjcbancarios.com.br\/site\/?p=14156"},"modified":"2021-04-01T14:50:44","modified_gmt":"2021-04-01T17:50:44","slug":"vereadores-de-sao-jose-dos-campos-aprovam-mocao-de-apoio-para-inclusao-da-categoria-como-prioridade-na-vacinacao","status":"publish","type":"post","link":"https:\/\/sjcbancarios.com.br\/site\/noticias-em-destaque\/vereadores-de-sao-jose-dos-campos-aprovam-mocao-de-apoio-para-inclusao-da-categoria-como-prioridade-na-vacinacao\/","title":{"rendered":"Vereadores de S\u00e3o Jos\u00e9 dos Campos aprovam mo\u00e7\u00e3o de apoio para inclus\u00e3o da categoria como prioridade na vacina\u00e7\u00e3o."},"content":{"rendered":"<p style=\"text-align: justify;\"><span style=\"font-family: arial, helvetica, sans-serif;\">Na noite da ultima ter\u00e7a-feira, dia 29, a C\u00e2mara dos vereadores de S\u00e3o Jos\u00e9 dos Campos aprovou uma &#8220;mo\u00e7\u00e3o&#8221; de apoio ao Sindicato dos Banc\u00e1rios de S\u00e3o Jos\u00e9 dos Campos e Regi\u00e3o refor\u00e7ando a campanha dos banc\u00e1rios para inclus\u00e3o da categoria como grupo priorit\u00e1rio no Plano Estadual de Imuniza\u00e7\u00e3o \u2013 PEI, contra a Covid-19, do <\/span><span style=\"font-family: arial, helvetica, sans-serif;\">Governo do Estado de S\u00e3o Paulo.<\/span><\/p>\n<p style=\"text-align: justify;\"><span style=\"font-family: arial, helvetica, sans-serif;\">A mo\u00e7\u00e3o aprovada refor\u00e7a a Campanha &#8220;Vacina\u00e7\u00e3o em Massa J\u00e1&#8221;, encabe\u00e7ada por diversas entidades sindicais dos banc\u00e1rios do Estado de S\u00e3o Paulo, dentre elas a Federa\u00e7\u00e3o dos banc\u00e1rios de SPMS e tem por objetivo coletar assinaturas para solicitar ao Governo do Estado a inclus\u00e3o da categoria banc\u00e1ria no Plano Estadual de Imuniza\u00e7\u00e3o &#8211; PEI, contra a COVID-19.<\/span><\/p>\n<p style=\"text-align: justify;\"><span style=\"font-family: arial, helvetica, sans-serif;\">&#8220;Desde o in\u00edcio da pandemia, os Bancos n\u00e3o deixaram de prestar atendimento \u00e0 sociedade, uma vez que os Governos Municipais e Estaduais inclu\u00edram a atividade banc\u00e1ria como essencial, seguindo rigorosamente os protocolos sanit\u00e1rios. Esta importante atividade se mant\u00e9m ativa e em funcionamento, de segunda a sexta-feira, em todo o territ\u00f3rio brasileiro. E a categoria banc\u00e1ria vem prestando o servi\u00e7o com a m\u00e1xima efici\u00eancia a partir das condi\u00e7\u00f5es que lhe s\u00e3o disponibilizadas&#8221;, argumenta a vereadora Am\u00e9lia Naomi, na mo\u00e7\u00e3o apresentada \u00e0 C\u00e2mara.\u00a0\u00a0<\/span><\/p>\n<p style=\"text-align: justify;\"><span style=\"font-family: arial, helvetica, sans-serif;\">&#8220;O pagamento do aux\u00edlio-emergencial movimentou e tende a movimentar ainda mais a popula\u00e7\u00e3o nas ag\u00eancias banc\u00e1rias, o que exp\u00f5e muitos trabalhadores, havendo um grande n\u00famero de infectados pelo Covid-19. <\/span><span style=\"font-family: arial, helvetica, sans-serif;\">Na maioria das ag\u00eancias ocorre aglomera\u00e7\u00e3o de pessoas, formando-se filas nos autoatendimentos, bem como nos servi\u00e7os de caixa e \u00e1reas de ger\u00eancia e neg\u00f3cios. Muitas ag\u00eancias tiveram casos confirmados de cont\u00e1gio pelo Covid-19, e a exig\u00eancia do movimento sindical foi de suspens\u00e3o das atividades, com a devida sanitiza\u00e7\u00e3o do local e <\/span><span style=\"font-family: arial, helvetica, sans-serif;\">ainda a testagem, quando necess\u00e1ria, dos trabalhadores e devidos afastamentos. Com o fechamento de algumas ag\u00eancias banc\u00e1rias, em raz\u00e3o da contamina\u00e7\u00e3o entre os trabalhadores, houve uma s\u00e9rie de preju\u00edzos aos clientes e usu\u00e1rios sem o atendimento banc\u00e1rio necess\u00e1rio. Ainda assim, as ag\u00eancias banc\u00e1rias est\u00e3o funcionando e as entidades sindicais t\u00eam exigido que os Bancos tratem a quest\u00e3o com maior aten\u00e7\u00e3o e rigor na ado\u00e7\u00e3o das medidas de <\/span><span style=\"font-family: arial, helvetica, sans-serif;\">seguran\u00e7a contra o Covid-19, a fim de garantir a sa\u00fade dos trabalhadores, familiares e clientes&#8221;, completa a relatora no documento.<\/span><\/p>\n<p style=\"text-align: justify;\"><span style=\"font-family: arial, helvetica, sans-serif;\">A atividade banc\u00e1ria \u00e9 considerada essencial nos termos do Decreto n\u00b0 10.282 de 20 de mar\u00e7o de 2020, alterado pelo Decreto n\u00b0 10.329 de 28 de abril de 2020, que regulamenta aLei n\u00b013.979 de 6 de fevereiro de 2020 e tem por finalidade atender aos interesses de seus clientes, usu\u00e1rios dos servi\u00e7os e de toda a sociedade, garantindo o atendimento em suas unidades de varejo (ag\u00eancias e postos de atendimento), assim como nas opera\u00e7\u00f5es<\/span><br \/>\n<span style=\"font-family: arial, helvetica, sans-serif;\">demandadas pelas empresas.<\/span><\/p>\n<p>&nbsp;<\/p>\n<p>Fonte: Assessoria vereadora Am\u00e9lia Naomi.\u00a0<\/p>\n<p>&nbsp;<\/p>\n","protected":false},"excerpt":{"rendered":"<p class=\"excerpt\">Na noite da ultima ter\u00e7a-feira, dia 29, a C\u00e2mara dos vereadores de S\u00e3o Jos\u00e9 dos Campos aprovou uma &#8220;mo\u00e7\u00e3o&#8221; de apoio ao Sindicato dos Banc\u00e1rios de S\u00e3o Jos\u00e9 dos Campos e Regi\u00e3o refor\u00e7ando a campanha dos banc\u00e1rios para inclus\u00e3o da categoria como grupo priorit\u00e1rio no Plano Estadual de Imuniza\u00e7\u00e3o \u2013 PEI, contra a Covid-19, do [&hellip;]<\/p>\n","protected":false},"author":2,"featured_media":14158,"comment_status":"closed","ping_status":"closed","sticky":false,"template":"","format":"standard","meta":{"_et_pb_use_builder":"","_et_pb_old_content":"","_et_gb_content_width":"","footnotes":""},"categories":[155],"tags":[],"class_list":["post-14156","post","type-post","status-publish","format-standard","has-post-thumbnail","hentry","category-noticias-em-destaque"],"_links":{"self":[{"href":"https:\/\/sjcbancarios.com.br\/site\/wp-json\/wp\/v2\/posts\/14156","targetHints":{"allow":["GET"]}}],"collection":[{"href":"https:\/\/sjcbancarios.com.br\/site\/wp-json\/wp\/v2\/posts"}],"about":[{"href":"https:\/\/sjcbancarios.com.br\/site\/wp-json\/wp\/v2\/types\/post"}],"author":[{"embeddable":true,"href":"https:\/\/sjcbancarios.com.br\/site\/wp-json\/wp\/v2\/users\/2"}],"replies":[{"embeddable":true,"href":"https:\/\/sjcbancarios.com.br\/site\/wp-json\/wp\/v2\/comments?post=14156"}],"version-history":[{"count":0,"href":"https:\/\/sjcbancarios.com.br\/site\/wp-json\/wp\/v2\/posts\/14156\/revisions"}],"wp:featuredmedia":[{"embeddable":true,"href":"https:\/\/sjcbancarios.com.br\/site\/wp-json\/wp\/v2\/media\/14158"}],"wp:attachment":[{"href":"https:\/\/sjcbancarios.com.br\/site\/wp-json\/wp\/v2\/media?parent=14156"}],"wp:term":[{"taxonomy":"category","embeddable":true,"href":"https:\/\/sjcbancarios.com.br\/site\/wp-json\/wp\/v2\/categories?post=14156"},{"taxonomy":"post_tag","embeddable":true,"href":"https:\/\/sjcbancarios.com.br\/site\/wp-json\/wp\/v2\/tags?post=14156"}],"curies":[{"name":"wp","href":"https:\/\/api.w.org\/{rel}","templated":true}]}}