{"id":14147,"date":"2021-03-30T08:29:18","date_gmt":"2021-03-30T11:29:18","guid":{"rendered":"https:\/\/sjcbancarios.com.br\/site\/?p=14147"},"modified":"2021-03-30T08:29:51","modified_gmt":"2021-03-30T11:29:51","slug":"comissao-dos-empregados-solicitam-correcao-do-pagamento-da-plr-da-caixa","status":"publish","type":"post","link":"https:\/\/sjcbancarios.com.br\/site\/noticias-em-destaque\/comissao-dos-empregados-solicitam-correcao-do-pagamento-da-plr-da-caixa\/","title":{"rendered":"Comiss\u00e3o dos empregados solicita corre\u00e7\u00e3o do pagamento da PLR da Caixa"},"content":{"rendered":"<p style=\"text-align: justify;\"><span style=\"font-family: arial, helvetica, sans-serif;\"><em>De acordo com o Dieese o banco utilizou o valor de 3% do lucro l\u00edquido e n\u00e3o 4%<\/em><\/span><\/p>\n<p style=\"text-align: justify;\"><span style=\"font-family: arial, helvetica, sans-serif;\">A Comiss\u00e3o Executiva dos Empregados da Caixa (CEE\/Caixa) oficiou na \u00faltima sexta-feira, dia 26, por meio da Confedera\u00e7\u00e3o Nacional dos Trabalhadores do Ramo Financeiro, a dire\u00e7\u00e3o da Caixa a quem cobrou esclarecimentos sobre o pagamento da Participa\u00e7\u00e3o nos Lucros ou Resultados (PLR) Fenaban e PLR Social aos empregados.<\/span><\/p>\n<p style=\"text-align: justify;\"><span style=\"font-family: arial, helvetica, sans-serif;\">A apura\u00e7\u00e3o feita pelo Departamento Intersindical de Estudos e Estat\u00edsticas Socioecon\u00f4micas (Dieese), identificou que a Caixa pagou a PLR Social com base na divis\u00e3o linear entre todos os empregados de 3% do lucro l\u00edquido, e n\u00e3o de 4%, como determina o Acordo Coletivo de Trabalho (ACT) vigente. &#8220;\u00c9 uma falha de grande propor\u00e7\u00e3o que pode gerar preju\u00edzos de at\u00e9 R$ 1.593,00, dependendo do empregado. \u00c9 preciso uma repara\u00e7\u00e3o dessa falha&#8221;, comenta o presidente da Feeb SP\/MS, Jeferson Boava.<\/span><\/p>\n<p style=\"text-align: justify;\"><span style=\"font-family: arial, helvetica, sans-serif;\">De acordo com o Dieese, o c\u00e1lculo da primeira parcela da PLR Social foi realizado corretamente, ou seja, em cima dos 4% do lucro do semestre.<\/span><\/p>\n<p style=\"text-align: justify;\"><span style=\"font-family: arial, helvetica, sans-serif;\"><strong>Esclarecimento<\/strong><\/span><br \/>\n<span style=\"font-family: arial, helvetica, sans-serif;\">De acordo com o of\u00edcio, os empregados reivindicam a discrimina\u00e7\u00e3o dos valores da PLR Fenaban e PLR Social da mesma forma como ocorria at\u00e9 o ano passado e o imediato pagamento correto da PLR Social aos empregados.<\/span><\/p>\n<p style=\"text-align: justify;\"><span style=\"font-family: arial, helvetica, sans-serif;\">Vale ressaltar que no dia 22 de mar\u00e7o, a Comiss\u00e3o dos empregados j\u00e1 havia solicitado ao Banco a discrimina\u00e7\u00e3o do pagamento da PLR (PLR Caixa, PLR Fenaban e PLR Fenaban 2), visto que no contracheque dos empregados o pagamento foi feito numa \u00fanica rubrica, o que impedia an\u00e1lise item a item.<\/span><\/p>\n<p style=\"text-align: justify;\"><span style=\"font-family: arial, helvetica, sans-serif;\">\u201cOs empregados merecem o reparo desta perda imediatamente, pois trata-se de direito de cada um, al\u00e9m de ser obriga\u00e7\u00e3o do banco pagar corretamente, ainda mais em um per\u00edodo de pandemia onde os servi\u00e7os dos banc\u00e1rios e banc\u00e1rias da Caixa tem se mostrado fundamental para a vida de milh\u00f5es de brasileiros&#8221;, enfatiza Boava.<\/span><\/p>\n<p style=\"text-align: justify;\"><span style=\"font-family: arial, helvetica, sans-serif;\">A antecipa\u00e7\u00e3o do pagamento da segunda parcela da PLR foi creditada na \u00faltima quinta-feira, dia 18, ap\u00f3s cobran\u00e7a do movimento sindical e das entidades.<\/span><\/p>\n<p style=\"text-align: justify;\"><span style=\"font-family: arial, helvetica, sans-serif;\">Fonte: Federa\u00e7\u00e3o dos banc\u00e1rios de SPMS<\/span><\/p>\n","protected":false},"excerpt":{"rendered":"<p class=\"excerpt\">De acordo com o Dieese o banco utilizou o valor de 3% do lucro l\u00edquido e n\u00e3o 4% A Comiss\u00e3o Executiva dos Empregados da Caixa (CEE\/Caixa) oficiou na \u00faltima sexta-feira, dia 26, por meio da Confedera\u00e7\u00e3o Nacional dos Trabalhadores do Ramo Financeiro, a dire\u00e7\u00e3o da Caixa a quem cobrou esclarecimentos sobre o pagamento da Participa\u00e7\u00e3o [&hellip;]<\/p>\n","protected":false},"author":2,"featured_media":14149,"comment_status":"closed","ping_status":"closed","sticky":false,"template":"","format":"standard","meta":{"_et_pb_use_builder":"","_et_pb_old_content":"","_et_gb_content_width":"","footnotes":""},"categories":[155],"tags":[],"class_list":["post-14147","post","type-post","status-publish","format-standard","has-post-thumbnail","hentry","category-noticias-em-destaque"],"_links":{"self":[{"href":"https:\/\/sjcbancarios.com.br\/site\/wp-json\/wp\/v2\/posts\/14147","targetHints":{"allow":["GET"]}}],"collection":[{"href":"https:\/\/sjcbancarios.com.br\/site\/wp-json\/wp\/v2\/posts"}],"about":[{"href":"https:\/\/sjcbancarios.com.br\/site\/wp-json\/wp\/v2\/types\/post"}],"author":[{"embeddable":true,"href":"https:\/\/sjcbancarios.com.br\/site\/wp-json\/wp\/v2\/users\/2"}],"replies":[{"embeddable":true,"href":"https:\/\/sjcbancarios.com.br\/site\/wp-json\/wp\/v2\/comments?post=14147"}],"version-history":[{"count":0,"href":"https:\/\/sjcbancarios.com.br\/site\/wp-json\/wp\/v2\/posts\/14147\/revisions"}],"wp:featuredmedia":[{"embeddable":true,"href":"https:\/\/sjcbancarios.com.br\/site\/wp-json\/wp\/v2\/media\/14149"}],"wp:attachment":[{"href":"https:\/\/sjcbancarios.com.br\/site\/wp-json\/wp\/v2\/media?parent=14147"}],"wp:term":[{"taxonomy":"category","embeddable":true,"href":"https:\/\/sjcbancarios.com.br\/site\/wp-json\/wp\/v2\/categories?post=14147"},{"taxonomy":"post_tag","embeddable":true,"href":"https:\/\/sjcbancarios.com.br\/site\/wp-json\/wp\/v2\/tags?post=14147"}],"curies":[{"name":"wp","href":"https:\/\/api.w.org\/{rel}","templated":true}]}}