{"id":14107,"date":"2021-03-25T08:18:53","date_gmt":"2021-03-25T11:18:53","guid":{"rendered":"https:\/\/sjcbancarios.com.br\/site\/?p=14107"},"modified":"2021-03-30T18:26:53","modified_gmt":"2021-03-30T21:26:53","slug":"itau-edital-de-assembleia-geral-extraordinaria","status":"publish","type":"post","link":"https:\/\/sjcbancarios.com.br\/site\/noticias\/itau-edital-de-assembleia-geral-extraordinaria\/","title":{"rendered":"ITA\u00da &#8211; Edital de Assembleia Geral Extraordin\u00e1ria"},"content":{"rendered":"<p style=\"text-align: justify;\"><span style=\"font-family: arial, helvetica, sans-serif;\">O Sindicato dos Empregados em Estabelecimentos Banc\u00e1rios de S\u00e3o Jos\u00e9 dos Campos e Regi\u00e3o, inscrito no CNPJ\/MF sob o no 51.618.023\/0001-03, registro sindical no 199507\/1963, por seu presidente abaixo assinado, convoca todos os trabalhadores banc\u00e1rios, s\u00f3cios e n\u00e3o s\u00f3cios, da base territorial deste sindicato, que prestam servi\u00e7o para o <strong>Conglomerado do Banco Ita\u00fa Unibanco S.A<\/strong>, para a Assembleia Extraordin\u00e1ria Espec\u00edfica que se realizar\u00e1 de forma remota\/virtual durante o per\u00edodo das 08:00horas do dia 30\/03\/2021 at\u00e9 as 20:00 horas do dia 30\/03\/2021, na forma disposta no site www.sjcbancarios.com.br onde estar\u00e3o dispon\u00edveis todas as informa\u00e7\u00f5es necess\u00e1rias para a delibera\u00e7\u00e3o acerca da seguinte pauta: <strong>1<\/strong>. Aprecia\u00e7\u00e3o e delibera\u00e7\u00e3o sobre a proposta para celebra\u00e7\u00e3o da Renova\u00e7\u00e3o do Acordo Coletivo de Trabalho da Comiss\u00e3o de Concilia\u00e7\u00e3o Pr\u00e9via \u2013 CCP com o Conglomerado do Banco Ita\u00fa Unibanco S.A., com vig\u00eancia de dois anos a partir da data da sua assinatura. <\/span><\/p>\n<p style=\"text-align: justify;\"><span style=\"font-family: arial, helvetica, sans-serif;\">S\u00e3o Jos\u00e9 dos Campos, 25 Mar\u00e7o de 2021.<\/span><\/p>\n<p style=\"text-align: center;\">ANT\u00d4NIO MARCOS DE BARROS<br \/>\nPresidente<\/p>\n","protected":false},"excerpt":{"rendered":"<p class=\"excerpt\">O Sindicato dos Empregados em Estabelecimentos Banc\u00e1rios de S\u00e3o Jos\u00e9 dos Campos e Regi\u00e3o, inscrito no CNPJ\/MF sob o no 51.618.023\/0001-03, registro sindical no 199507\/1963, por seu presidente abaixo assinado, convoca todos os trabalhadores banc\u00e1rios, s\u00f3cios e n\u00e3o s\u00f3cios, da base territorial deste sindicato, que prestam servi\u00e7o para o Conglomerado do Banco Ita\u00fa Unibanco S.A, [&hellip;]<\/p>\n","protected":false},"author":2,"featured_media":14125,"comment_status":"closed","ping_status":"closed","sticky":false,"template":"","format":"standard","meta":{"_et_pb_use_builder":"","_et_pb_old_content":"","_et_gb_content_width":"","footnotes":""},"categories":[13],"tags":[],"class_list":["post-14107","post","type-post","status-publish","format-standard","has-post-thumbnail","hentry","category-noticias"],"_links":{"self":[{"href":"https:\/\/sjcbancarios.com.br\/site\/wp-json\/wp\/v2\/posts\/14107","targetHints":{"allow":["GET"]}}],"collection":[{"href":"https:\/\/sjcbancarios.com.br\/site\/wp-json\/wp\/v2\/posts"}],"about":[{"href":"https:\/\/sjcbancarios.com.br\/site\/wp-json\/wp\/v2\/types\/post"}],"author":[{"embeddable":true,"href":"https:\/\/sjcbancarios.com.br\/site\/wp-json\/wp\/v2\/users\/2"}],"replies":[{"embeddable":true,"href":"https:\/\/sjcbancarios.com.br\/site\/wp-json\/wp\/v2\/comments?post=14107"}],"version-history":[{"count":0,"href":"https:\/\/sjcbancarios.com.br\/site\/wp-json\/wp\/v2\/posts\/14107\/revisions"}],"wp:featuredmedia":[{"embeddable":true,"href":"https:\/\/sjcbancarios.com.br\/site\/wp-json\/wp\/v2\/media\/14125"}],"wp:attachment":[{"href":"https:\/\/sjcbancarios.com.br\/site\/wp-json\/wp\/v2\/media?parent=14107"}],"wp:term":[{"taxonomy":"category","embeddable":true,"href":"https:\/\/sjcbancarios.com.br\/site\/wp-json\/wp\/v2\/categories?post=14107"},{"taxonomy":"post_tag","embeddable":true,"href":"https:\/\/sjcbancarios.com.br\/site\/wp-json\/wp\/v2\/tags?post=14107"}],"curies":[{"name":"wp","href":"https:\/\/api.w.org\/{rel}","templated":true}]}}