{"id":14101,"date":"2021-03-24T16:31:59","date_gmt":"2021-03-24T19:31:59","guid":{"rendered":"https:\/\/sjcbancarios.com.br\/site\/?p=14101"},"modified":"2021-03-24T16:35:21","modified_gmt":"2021-03-24T19:35:21","slug":"apos-cobrancas-dos-sindicatos-santander-anuncia-novas-medidas-na-pandemia","status":"publish","type":"post","link":"https:\/\/sjcbancarios.com.br\/site\/noticias-em-destaque\/apos-cobrancas-dos-sindicatos-santander-anuncia-novas-medidas-na-pandemia\/","title":{"rendered":""},"content":{"rendered":"<p style=\"text-align: justify;\"><span style=\"font-family: arial, helvetica, sans-serif;\">Ap\u00f3s constantes cobran\u00e7as do movimento sindical banc\u00e1rio, o Santander anunciou, nesta quarta-feira, dia 24, novas medidas diante do avan\u00e7o da pandemia no pa\u00eds. Veja os pontos do comunicado do banco:<\/span><\/p>\n<ul style=\"text-align: justify;\">\n<li><span style=\"font-family: arial, helvetica, sans-serif;\">As equipes nos edif\u00edcios centrais ser\u00e3o ainda mais reduzidas. \u201cCada vice-presidente ir\u00e1 indicar quais equipes ir\u00e3o trabalhar de forma presencial ou remotamente ou aquelas que estar\u00e3o em feriado nas cidades que anteciparam. <\/span><\/li>\n<li><span style=\"font-family: arial, helvetica, sans-serif;\">Esses dias ser\u00e3o compensados com o banco de horas existente em cada vice-presid\u00eancia em at\u00e9 6 meses. Cada colaborador deve gerenciar seu bancos de horas juntamente com seu\/sua gestor (a).\u201d<\/span><\/li>\n<li><span style=\"font-family: arial, helvetica, sans-serif;\">Rede de ag\u00eancias: segundo o banco ser\u00e1 fechado um grande n\u00famero de lojas nas pr\u00f3ximas duas semanas e o hor\u00e1rio de atendimento ao p\u00fablico ser\u00e1 reduzido para at\u00e9 14h. A equipe de varejo informar\u00e1 quais lojas estar\u00e3o temporariamente fechadas, e as equipes dessas lojas poder\u00e3o ser direcionadas para ajudar no atendimento aos clientes de forma remota.<\/span><\/li>\n<li><span style=\"font-family: arial, helvetica, sans-serif;\">Atendimento: o Santander diz que orientar\u00e1 os clientes, enviando comunica\u00e7\u00e3o espec\u00edfica, para que privilegiem o uso dos canais digitais.<\/span><\/li>\n<li><span style=\"font-family: arial, helvetica, sans-serif;\">Banco informou que antecipar\u00e1 100% do 13\u00ba sal\u00e1rio a todos, com pagamento j\u00e1 no pr\u00f3ximo dia 30 de abril.<\/span><\/li>\n<li><span style=\"font-family: arial, helvetica, sans-serif;\">Banco refor\u00e7ou a disponibilidade do PAPE (atendimento psicol\u00f3gico durante a pandemia) 24 horas por dia, 7 dias na semana.<\/span><\/li>\n<\/ul>\n<p style=\"text-align: justify;\"><span style=\"font-family: arial, helvetica, sans-serif;\">O Santander tamb\u00e9m garantiu ao Sindicato que o atendimento ao p\u00fablico nas ag\u00eancias ser\u00e1 apenas para servi\u00e7os essenciais, como pagamento de benef\u00edcios e desbloqueio de cart\u00f5es. Para isto ser\u00e1 mantido um contingente m\u00ednimo de funcion\u00e1rios que pode variar entre 15% e 40% do quadro, a depender da localidade e do fluxo de pagamentos. Informou ainda que os departamentos tamb\u00e9m ter\u00e3o redu\u00e7\u00e3o do quadro no presencial.<\/span><\/p>\n<p style=\"text-align: justify;\"><span style=\"font-family: arial, helvetica, sans-serif;\">Os sindicatos de banc\u00e1rios e o Comando Nacional dos Banc\u00e1rios concordam com as medidas, tendo discord\u00e2ncia apenas na compensa\u00e7\u00e3o das horas trabalhadas nos feriados. \u201cOs acordos coletivos de trabalho vigentes garantem que as horas trabalhadas em feriados sejam pagas. Vamos tomar as medidas cab\u00edveis em rela\u00e7\u00e3o a isso\u201d, diz Lucimara Malaquias, que coordena a mesa de negocia\u00e7\u00e3o com o banco.<\/span><\/p>\n<p style=\"text-align: justify;\"><span style=\"font-family: arial, helvetica, sans-serif;\">Fonte: Federa\u00e7\u00e3o dos banc\u00e1rios de SPMS.<\/span><\/p>\n","protected":false},"excerpt":{"rendered":"<p class=\"excerpt\">Ap\u00f3s constantes cobran\u00e7as do movimento sindical banc\u00e1rio, o Santander anunciou, nesta quarta-feira, dia 24, novas medidas diante do avan\u00e7o da pandemia no pa\u00eds. Veja os pontos do comunicado do banco: As equipes nos edif\u00edcios centrais ser\u00e3o ainda mais reduzidas. \u201cCada vice-presidente ir\u00e1 indicar quais equipes ir\u00e3o trabalhar de forma presencial ou remotamente ou aquelas que [&hellip;]<\/p>\n","protected":false},"author":2,"featured_media":14105,"comment_status":"closed","ping_status":"closed","sticky":false,"template":"","format":"standard","meta":{"_et_pb_use_builder":"","_et_pb_old_content":"","_et_gb_content_width":"","footnotes":""},"categories":[155],"tags":[],"class_list":["post-14101","post","type-post","status-publish","format-standard","has-post-thumbnail","hentry","category-noticias-em-destaque"],"_links":{"self":[{"href":"https:\/\/sjcbancarios.com.br\/site\/wp-json\/wp\/v2\/posts\/14101","targetHints":{"allow":["GET"]}}],"collection":[{"href":"https:\/\/sjcbancarios.com.br\/site\/wp-json\/wp\/v2\/posts"}],"about":[{"href":"https:\/\/sjcbancarios.com.br\/site\/wp-json\/wp\/v2\/types\/post"}],"author":[{"embeddable":true,"href":"https:\/\/sjcbancarios.com.br\/site\/wp-json\/wp\/v2\/users\/2"}],"replies":[{"embeddable":true,"href":"https:\/\/sjcbancarios.com.br\/site\/wp-json\/wp\/v2\/comments?post=14101"}],"version-history":[{"count":0,"href":"https:\/\/sjcbancarios.com.br\/site\/wp-json\/wp\/v2\/posts\/14101\/revisions"}],"wp:featuredmedia":[{"embeddable":true,"href":"https:\/\/sjcbancarios.com.br\/site\/wp-json\/wp\/v2\/media\/14105"}],"wp:attachment":[{"href":"https:\/\/sjcbancarios.com.br\/site\/wp-json\/wp\/v2\/media?parent=14101"}],"wp:term":[{"taxonomy":"category","embeddable":true,"href":"https:\/\/sjcbancarios.com.br\/site\/wp-json\/wp\/v2\/categories?post=14101"},{"taxonomy":"post_tag","embeddable":true,"href":"https:\/\/sjcbancarios.com.br\/site\/wp-json\/wp\/v2\/tags?post=14101"}],"curies":[{"name":"wp","href":"https:\/\/api.w.org\/{rel}","templated":true}]}}