{"id":14092,"date":"2021-03-23T16:07:47","date_gmt":"2021-03-23T19:07:47","guid":{"rendered":"https:\/\/sjcbancarios.com.br\/site\/?p=14092"},"modified":"2021-03-30T18:33:22","modified_gmt":"2021-03-30T21:33:22","slug":"vacinacao-em-massa","status":"publish","type":"post","link":"https:\/\/sjcbancarios.com.br\/site\/noticias-em-destaque\/vacinacao-em-massa\/","title":{"rendered":""},"content":{"rendered":"<p style=\"text-align: justify;\"><span style=\"font-family: arial, helvetica, sans-serif;\"><em>Federa\u00e7\u00e3o SP\/MS, Fetec\/SP, Sindicato de S\u00e3o Paulo e associa\u00e7\u00f5es encabe\u00e7am abaixo-assinado pela inclus\u00e3o da categoria como grupo priorit\u00e1rio na vacina\u00e7\u00e3o.<\/em><\/span><\/p>\n<p style=\"text-align: justify;\"><a href=\"https:\/\/secure.avaaz.org\/community_petitions\/po\/sindicato_dos_bancarios_e_financiarios_de_sao_paul_pela_inclusao_da_categoria_bancaria_como_grupo_prioritario_na_vacinacao_contra_a_covid19\/?wjDVUrb&amp;utm_source=sharetools&amp;utm_medium=twitter&amp;utm_campaign=petition-1193879-pela_inclusao_da_categoria_bancaria_como_grupo_prioritario_na_vacinacao_contra_a_covid19&amp;utm_term=jDVUrb%2Bpo\">PARA PARTICIPAR ASSINE AQUI<\/a><\/p>\n<p style=\"text-align: justify;\"><span style=\"font-family: arial, helvetica, sans-serif;\">A Federa\u00e7\u00e3o dos Banc\u00e1rios dos Estados de SP\/MS em conjunto com a Federa\u00e7\u00e3o dos Trabalhadores em Empresas de Cr\u00e9dito de S\u00e3o Paulo \u2013 FETECSP, o Sindicato dos Banc\u00e1rios e Financi\u00e1rios de S\u00e3o Paulo, Osasco e Regi\u00e3o, a Associa\u00e7\u00e3o dos Funcion\u00e1rios do Grupo Santander Banespa, Banesprev e Cabesp \u2013 AFUBESP e a Associa\u00e7\u00e3o de Pessoal da Caixa Econ\u00f4mica Federal &#8211; APCEF, lideram o abaixo-assinado para apresentar a solicita\u00e7\u00e3o de inclus\u00e3o da categoria banc\u00e1ria no Plano Estadual de Imuniza\u00e7\u00e3o \u2013 PEI, contra a Covid-19.<\/span><br \/>\n<span style=\"font-family: arial, helvetica, sans-serif;\">A atividade banc\u00e1ria \u00e9 considerada essencial nos termos do Decreto n\u00b0 10.282 de 20 de mar\u00e7o de 2020, alterado pelo Decreto n\u00b0 10.329 de 28 de abril de 2020, que regulamenta a Lei n\u00b013.979 de 6 de fevereiro de 2020 e tem por finalidade atender aos interesses de seus clientes, usu\u00e1rios dos servi\u00e7os e sociedade, de forma que garanta a presta\u00e7\u00e3o do servi\u00e7o em suas unidades de varejo (ag\u00eancias e postos de atendimento), assim como nas opera\u00e7\u00f5es demandadas pelas empresas.<\/span><\/p>\n<p style=\"text-align: justify;\"><span style=\"font-family: arial, helvetica, sans-serif;\">Desde o in\u00edcio da pandemia, os banc\u00e1rios n\u00e3o deixaram de prestar atendimento \u00e0 sociedade, uma vez que os governos municipais e estaduais inclu\u00edram a atividade banc\u00e1ria como essencial, seguindo rigorosamente os protocolos sanit\u00e1rios.<\/span><\/p>\n<p style=\"text-align: justify;\"><span style=\"font-family: arial, helvetica, sans-serif;\">\u201cIndependente do contexto de agravamento do quadro de contamina\u00e7\u00f5es pelo novo coronav\u00edrus a atividade se mant\u00e9m ativa e em funcionamento, de segunda a sexta-feira, em todo o territ\u00f3rio brasileiro\u201d, enfatiza Jeferson Boava, presidente da Federa\u00e7\u00e3o dos Banc\u00e1rios dos Estados de SP\/MS.<\/span><\/p>\n<p style=\"text-align: justify;\"><span style=\"font-family: arial, helvetica, sans-serif;\">De acordo com a Feeb e demais entidades sindicais respons\u00e1veis pela iniciativa, a execu\u00e7\u00e3o das pol\u00edticas p\u00fablicas de car\u00e1ter social passa, invariavelmente, pelo atendimento banc\u00e1rio. \u201cS\u00e3o atendimentos essenciais \u00e0 popula\u00e7\u00e3o e o servi\u00e7o tem sido priorizado desde o in\u00edcio da pandemia, por\u00e9m \u00e9 preciso preservar a vida destes milhares de trabalhadores e seus familiares\u201d, pontua Boava.<\/span><\/p>\n<p style=\"text-align: justify;\"><strong><span style=\"font-family: arial, helvetica, sans-serif;\">Campanha de mobiliza\u00e7\u00e3o<\/span><\/strong><br \/>\n<span style=\"font-family: arial, helvetica, sans-serif;\">Amanh\u00e3, quarta-feira, dia 24 de mar\u00e7o, ser\u00e1 o Dia Nacional de Luta em Defesa da Vida e dos Direitos. A mobiliza\u00e7\u00e3o ter\u00e1 por objetivo lutar por acesso \u00e0 vacina, ao emprego e ao aux\u00edlio emergencial de R$ 600,00 \u00e0 popula\u00e7\u00e3o de baixa renda, entre outros.<\/span><\/p>\n<p>Fonte: Federa\u00e7\u00e3o dos banc\u00e1rios de SPMS\u00a0\u00a0<\/p>\n","protected":false},"excerpt":{"rendered":"<p class=\"excerpt\">Federa\u00e7\u00e3o SP\/MS, Fetec\/SP, Sindicato de S\u00e3o Paulo e associa\u00e7\u00f5es encabe\u00e7am abaixo-assinado pela inclus\u00e3o da categoria como grupo priorit\u00e1rio na vacina\u00e7\u00e3o. PARA PARTICIPAR ASSINE AQUI A Federa\u00e7\u00e3o dos Banc\u00e1rios dos Estados de SP\/MS em conjunto com a Federa\u00e7\u00e3o dos Trabalhadores em Empresas de Cr\u00e9dito de S\u00e3o Paulo \u2013 FETECSP, o Sindicato dos Banc\u00e1rios e Financi\u00e1rios de [&hellip;]<\/p>\n","protected":false},"author":2,"featured_media":14099,"comment_status":"closed","ping_status":"closed","sticky":false,"template":"","format":"standard","meta":{"_et_pb_use_builder":"","_et_pb_old_content":"","_et_gb_content_width":"","footnotes":""},"categories":[155],"tags":[],"class_list":["post-14092","post","type-post","status-publish","format-standard","has-post-thumbnail","hentry","category-noticias-em-destaque"],"_links":{"self":[{"href":"https:\/\/sjcbancarios.com.br\/site\/wp-json\/wp\/v2\/posts\/14092","targetHints":{"allow":["GET"]}}],"collection":[{"href":"https:\/\/sjcbancarios.com.br\/site\/wp-json\/wp\/v2\/posts"}],"about":[{"href":"https:\/\/sjcbancarios.com.br\/site\/wp-json\/wp\/v2\/types\/post"}],"author":[{"embeddable":true,"href":"https:\/\/sjcbancarios.com.br\/site\/wp-json\/wp\/v2\/users\/2"}],"replies":[{"embeddable":true,"href":"https:\/\/sjcbancarios.com.br\/site\/wp-json\/wp\/v2\/comments?post=14092"}],"version-history":[{"count":0,"href":"https:\/\/sjcbancarios.com.br\/site\/wp-json\/wp\/v2\/posts\/14092\/revisions"}],"wp:featuredmedia":[{"embeddable":true,"href":"https:\/\/sjcbancarios.com.br\/site\/wp-json\/wp\/v2\/media\/14099"}],"wp:attachment":[{"href":"https:\/\/sjcbancarios.com.br\/site\/wp-json\/wp\/v2\/media?parent=14092"}],"wp:term":[{"taxonomy":"category","embeddable":true,"href":"https:\/\/sjcbancarios.com.br\/site\/wp-json\/wp\/v2\/categories?post=14092"},{"taxonomy":"post_tag","embeddable":true,"href":"https:\/\/sjcbancarios.com.br\/site\/wp-json\/wp\/v2\/tags?post=14092"}],"curies":[{"name":"wp","href":"https:\/\/api.w.org\/{rel}","templated":true}]}}