{"id":14086,"date":"2021-03-23T08:25:03","date_gmt":"2021-03-23T11:25:03","guid":{"rendered":"https:\/\/sjcbancarios.com.br\/site\/?p=14086"},"modified":"2021-03-23T08:25:43","modified_gmt":"2021-03-23T11:25:43","slug":"apos-cobranca-do-movimento-sindical-caixa-anuncia-contratacoes","status":"publish","type":"post","link":"https:\/\/sjcbancarios.com.br\/site\/noticias-em-destaque\/apos-cobranca-do-movimento-sindical-caixa-anuncia-contratacoes\/","title":{"rendered":""},"content":{"rendered":"<p style=\"text-align: justify;\"><span style=\"font-family: arial, helvetica, sans-serif;\">Ap\u00f3s cobran\u00e7a dos empregados, associa\u00e7\u00f5es e movimento sindical, a Caixa anunciou a contrata\u00e7\u00e3o de 7,7 mil trabalhadores para o Banco. De acordo com o an\u00fancio do presidente da Caixa, Pedro Guimar\u00e3es, ser\u00e3o 2.766 empregados \u2013 j\u00e1 inclu\u00eddas as 566 contrata\u00e7\u00f5es em andamento, 1.162 estagi\u00e1rios, 2.320 vigilantes e 1.456 recepcionistas. O compromisso \u00e9 de que at\u00e9 o final do ano ocorra a contrata\u00e7\u00e3o de 2.113 novos trabalhadores.<\/span><\/p>\n<p style=\"text-align: justify;\"><span style=\"font-family: arial, helvetica, sans-serif;\">Para o presidente da Federa\u00e7\u00e3o Nacional das Associa\u00e7\u00f5es do Pessoal da Caixa Econ\u00f4mica Federal (Fenae), Sergio Takemoto, as contrata\u00e7\u00f5es s\u00e3o resultado de muita mobiliza\u00e7\u00e3o e cobran\u00e7a dos empregados e das entidades em defesa da categoria. No entanto, refor\u00e7a que o n\u00famero anunciado n\u00e3o supre o d\u00e9ficit de empregados, que chega a quase 20 mil trabalhadores. \u201c\u00c9 uma conquista, mas o n\u00famero de contrata\u00e7\u00f5es n\u00e3o \u00e9 suficiente. Desde 2016 a Caixa vem diminuindo o quadro de empregados. Ao mesmo tempo aumentou o n\u00famero de clientes, de opera\u00e7\u00f5es e vai aumentar o n\u00famero de ag\u00eancias. A chegada de novos trabalhadores \u00e9 urgente, j\u00e1 que os empregados est\u00e3o sobrecarregados pelo excesso de trabalho durante o pagamento do aux\u00edlio emergencial. Para continuar prestando um bom servi\u00e7o \u00e0 popula\u00e7\u00e3o, \u00e9 preciso contratar muito mais. E tem uma fila de concursados aguardando convoca\u00e7\u00e3o\u201d, avaliou.<\/span><\/p>\n<p style=\"text-align: justify;\"><span style=\"font-family: arial, helvetica, sans-serif;\"><strong>Balan\u00e7o<\/strong><\/span><br \/>\n<span style=\"font-family: arial, helvetica, sans-serif;\">A Caixa chegou a ter 101,5 mil trabalhadores em 2014. Atualmente, conta com cerca de 82 mil empregados, mas o quadro de pessoas deve ser ainda menor. Em dezembro de 2020 o Banco anunciou a reabertura do Programa de Desligamento Volunt\u00e1rio (PDV), mas n\u00e3o divulgou o n\u00famero de ades\u00f5es. Diante da redu\u00e7\u00e3o de quase 20 mil empregados, as 2.766 contrata\u00e7\u00f5es anunciadas n\u00e3o representam 15% do d\u00e9ficit.<\/span><\/p>\n<p style=\"text-align: justify;\"><span style=\"font-family: arial, helvetica, sans-serif;\">O movimento sindical pontua que a reivindica\u00e7\u00e3o faz parte dos itens referendados nos CONECEFs e pautados nas Campanhas Nacionais. \u201cA realidade enfrentada \u00e9 o esgotamento dos funcion\u00e1rios devido \u00e0 sobrecarga pela falta de empregados. Um padr\u00e3o de qualidade no atendimento s\u00f3 \u00e9 mantido se houver mais contrata\u00e7\u00f5es e com isso, mais profissionais para atender, assim ganha o Banco, ganha o funcion\u00e1rio e ganham os clientes. O anuncio \u00e9 um avan\u00e7o, mas \u00e9 preciso aumentar o n\u00famero para as novas contrata\u00e7\u00f5es surtirem de fato um efeito positivo e mudar a realidade que se tem hoje\u201d, explica Jeferson Boava, presidente da Federa\u00e7\u00e3o dos Banc\u00e1rios dos Estados de S\u00e3o Paulo e Mato Grosso do Sul.<\/span><\/p>\n<p style=\"text-align: justify;\"><span style=\"font-family: arial, helvetica, sans-serif;\"><strong>Mesa de negocia\u00e7\u00e3o<\/strong><\/span><br \/>\n<span style=\"font-family: arial, helvetica, sans-serif;\">O tema foi debatido na \u00faltima ter\u00e7a-feira, dia 16 ,\u00a0 durante mesa de negocia\u00e7\u00e3o. De acordo com as bases sindicais, as contrata\u00e7\u00f5es anunciadas s\u00e3o importantes e precisam ser distribu\u00eddas entre todas as regi\u00f5es do pa\u00eds, mas n\u00e3o resolvem o problema, tendo em vista que o acr\u00e9scimo n\u00e3o representa nem um novo empregado por unidade.<\/span><\/p>\n<p style=\"text-align: justify;\"><span style=\"font-family: arial, helvetica, sans-serif;\"><strong>Outras discuss\u00f5es<\/strong><\/span><br \/>\n<span style=\"font-family: arial, helvetica, sans-serif;\">O refor\u00e7o de vigilantes e recepcionistas tamb\u00e9m foi cobrado pelos representantes dos empregados. \u201cCom o pagamento de um novo ciclo emergencial, as ag\u00eancias precisam estar estruturadas para melhorar as condi\u00e7\u00f5es de trabalho das unidades. A sa\u00fade dos empregados, prestadores e clientes \u00e9 a prioridade\u201d, finaliza Boava.<\/span><\/p>\n<p style=\"text-align: justify;\"><span style=\"font-family: arial, helvetica, sans-serif;\"><strong>Reportagem confirma esgotamento dos empregados<\/strong><\/span><br \/>\n<span style=\"font-family: arial, helvetica, sans-serif;\">Reportagem do jornal RJTV divulgou pesquisa que confirma a sobrecarga de trabalho dos empregados da Caixa durante o pagamento do aux\u00edlio emergencial. \u201cSe era dif\u00edcil para quem ficava horas esperando [nas filas], l\u00e1 dentro os funcion\u00e1rios tamb\u00e9m sentiram, e muito, os efeitos da carga extra de trabalho\u201d, informou a reportagem que tamb\u00e9m destacou a falta de contrata\u00e7\u00f5es pelo Banco. Al\u00e9m disso, as cobran\u00e7as por metas e resultados continuaram, mesmo diante do trabalho extenuante durante a pandemia.<\/span><\/p>\n<p style=\"text-align: justify;\"><span style=\"font-family: arial, helvetica, sans-serif;\">Na pesquisa feita com gestores, quase 98% dos profissionais consultados que declararam problemas de sa\u00fade mental, atribu\u00edram o adoecimento ao trabalho na Caixa. \u201cNos \u00faltimos cinco anos a gente teve uma baixa de quase 20 mil vagas. Foram sucessivos planos de demiss\u00e3o volunt\u00e1ria que a empresa n\u00e3o fez reposi\u00e7\u00e3o. J\u00e1 fomos mais de 100 mil empregados e agora somos pouco mais de 80 mil\u201d, disse \u00e0 reportagem o presidente da Associa\u00e7\u00e3o de Gestores da Caixa no Rio de Janeiro e integrante da CEE\/Caixa, Rog\u00e9rio Campanate.<\/span><\/p>\n<p style=\"text-align: justify;\"><span style=\"font-family: arial, helvetica, sans-serif;\">Fonte: Federa\u00e7\u00e3o dos banc\u00e1rios de SPMS<\/span><\/p>\n","protected":false},"excerpt":{"rendered":"<p class=\"excerpt\">Ap\u00f3s cobran\u00e7a dos empregados, associa\u00e7\u00f5es e movimento sindical, a Caixa anunciou a contrata\u00e7\u00e3o de 7,7 mil trabalhadores para o Banco. De acordo com o an\u00fancio do presidente da Caixa, Pedro Guimar\u00e3es, ser\u00e3o 2.766 empregados \u2013 j\u00e1 inclu\u00eddas as 566 contrata\u00e7\u00f5es em andamento, 1.162 estagi\u00e1rios, 2.320 vigilantes e 1.456 recepcionistas. O compromisso \u00e9 de que at\u00e9 [&hellip;]<\/p>\n","protected":false},"author":2,"featured_media":14087,"comment_status":"closed","ping_status":"closed","sticky":false,"template":"","format":"standard","meta":{"_et_pb_use_builder":"","_et_pb_old_content":"","_et_gb_content_width":"","footnotes":""},"categories":[155],"tags":[],"class_list":["post-14086","post","type-post","status-publish","format-standard","has-post-thumbnail","hentry","category-noticias-em-destaque"],"_links":{"self":[{"href":"https:\/\/sjcbancarios.com.br\/site\/wp-json\/wp\/v2\/posts\/14086","targetHints":{"allow":["GET"]}}],"collection":[{"href":"https:\/\/sjcbancarios.com.br\/site\/wp-json\/wp\/v2\/posts"}],"about":[{"href":"https:\/\/sjcbancarios.com.br\/site\/wp-json\/wp\/v2\/types\/post"}],"author":[{"embeddable":true,"href":"https:\/\/sjcbancarios.com.br\/site\/wp-json\/wp\/v2\/users\/2"}],"replies":[{"embeddable":true,"href":"https:\/\/sjcbancarios.com.br\/site\/wp-json\/wp\/v2\/comments?post=14086"}],"version-history":[{"count":0,"href":"https:\/\/sjcbancarios.com.br\/site\/wp-json\/wp\/v2\/posts\/14086\/revisions"}],"wp:featuredmedia":[{"embeddable":true,"href":"https:\/\/sjcbancarios.com.br\/site\/wp-json\/wp\/v2\/media\/14087"}],"wp:attachment":[{"href":"https:\/\/sjcbancarios.com.br\/site\/wp-json\/wp\/v2\/media?parent=14086"}],"wp:term":[{"taxonomy":"category","embeddable":true,"href":"https:\/\/sjcbancarios.com.br\/site\/wp-json\/wp\/v2\/categories?post=14086"},{"taxonomy":"post_tag","embeddable":true,"href":"https:\/\/sjcbancarios.com.br\/site\/wp-json\/wp\/v2\/tags?post=14086"}],"curies":[{"name":"wp","href":"https:\/\/api.w.org\/{rel}","templated":true}]}}