{"id":14071,"date":"2021-03-18T09:52:13","date_gmt":"2021-03-18T12:52:13","guid":{"rendered":"https:\/\/sjcbancarios.com.br\/site\/?p=14071"},"modified":"2021-03-18T10:03:04","modified_gmt":"2021-03-18T13:03:04","slug":"14071","status":"publish","type":"post","link":"https:\/\/sjcbancarios.com.br\/site\/noticias-em-destaque\/14071\/","title":{"rendered":"Comando Nacional dos banc\u00e1rios orienta sindicatos a aderirem lockdow dia 24."},"content":{"rendered":"<p style=\"text-align: justify;\"><span style=\"font-family: arial, helvetica, sans-serif;\"><em>Comando Nacional orienta os sindicatos a aderirem ao Dia Nacional de Lockdown pela Vida e pela Sa\u00fade, previsto para o dia 24.<\/em><\/span><\/p>\n<p style=\"text-align: justify;\"><span style=\"font-family: arial, helvetica, sans-serif;\">Com a pandemia da Covid-19 em seu mais grave momento no Brasil com os seguidos recordes de mortes pela doen\u00e7a, a Federa\u00e7\u00e3o Nacional dos Bancos (Fenaban) n\u00e3o se comprometeu em suspender as demiss\u00f5es na categoria banc\u00e1ria, medida tomada no ano passado, no in\u00edcio da propaga\u00e7\u00e3o da doen\u00e7a. <\/span><\/p>\n<p style=\"text-align: justify;\"><span style=\"font-family: arial, helvetica, sans-serif;\">Foi a terceira reuni\u00e3o neste come\u00e7o de 2021 com o Comando Nacional dos Banc\u00e1rios, sem respostas sobre medidas de seguran\u00e7a contra o cont\u00e1gio. O Comando Nacional vai organizar atividades em defesa da vida e da sa\u00fade no dia 24.<\/span><\/p>\n<p style=\"text-align: justify;\"><span style=\"font-family: arial, helvetica, sans-serif;\">A reuni\u00e3o na tarde de ontem, dia 16, era para os Bancos responderem se iriam voltar a suspender as demiss\u00f5es, como no in\u00edcio da pandemia. \u201cMais uma reuni\u00e3o que n\u00e3o surtiu efeito. Seguimos com a pauta de reivindica\u00e7\u00f5es, principalmente com rela\u00e7\u00e3o \u00e0s demiss\u00f5es que somam 82 mil postos de trabalho\u201d, destaca Reginaldo Breda, secret\u00e1rio geral da Federa\u00e7\u00e3o dos Banc\u00e1rios dos Estados de SP\/MS.<\/span><\/p>\n<p style=\"text-align: justify;\"><span style=\"font-family: arial, helvetica, sans-serif;\">Na \u00faltima reuni\u00e3o, dia 11 (sexta-feira), o Comando Nacional tamb\u00e9m apresentou as reivindica\u00e7\u00f5es de diminui\u00e7\u00e3o do hor\u00e1rio nas ag\u00eancias, redu\u00e7\u00e3o das metas e fim das visitas. A Fenaban tamb\u00e9m se comprometeu a dar respostas sobre as quest\u00f5es, mas nada apresentou desde ent\u00e3o. Alguns Bancos se comprometeram a suspender as visitas, mas a Fenaban disse que ainda n\u00e3o tem como se comprometer. O Comando Nacional n\u00e3o vai aceitar que banc\u00e1rios sejam mandados a fazer visitas.<\/span><\/p>\n<p style=\"text-align: justify;\"><span style=\"font-family: arial, helvetica, sans-serif;\">O Comando Nacional garantiu que as cobran\u00e7as ser\u00e3o insistidas \u00e0 Fenaban.<\/span><\/p>\n<p style=\"text-align: justify;\"><span style=\"font-family: arial, helvetica, sans-serif;\">\u201cImportante ponto da reuni\u00e3o foi a decis\u00e3o do Comando em discutir por meio das Comiss\u00f5es dos Empregados (COEs) diretamente com os Bancos para checar as medidas de seguran\u00e7a adotadas em cada institui\u00e7\u00e3o\u201d, destaca Breda.<\/span><\/p>\n<p style=\"text-align: justify;\"><span style=\"font-family: arial, helvetica, sans-serif;\"><strong>Lockdown<\/strong><\/span><br \/>\n<span style=\"font-family: arial, helvetica, sans-serif;\">Ainda durante a reuni\u00e3o, o Comando Nacional orientou os sindicatos a aderirem ao Dia Nacional de Lockdown pela Vida e pela Sa\u00fade, previsto para o dia 24.<\/span><\/p>\n<p style=\"text-align: justify;\"><span style=\"font-family: arial, helvetica, sans-serif;\">Fonte: Federa\u00e7\u00e3o dos banc\u00e1rios de SPMS<\/span><\/p>\n","protected":false},"excerpt":{"rendered":"<p class=\"excerpt\">Comando Nacional orienta os sindicatos a aderirem ao Dia Nacional de Lockdown pela Vida e pela Sa\u00fade, previsto para o dia 24. Com a pandemia da Covid-19 em seu mais grave momento no Brasil com os seguidos recordes de mortes pela doen\u00e7a, a Federa\u00e7\u00e3o Nacional dos Bancos (Fenaban) n\u00e3o se comprometeu em suspender as demiss\u00f5es [&hellip;]<\/p>\n","protected":false},"author":2,"featured_media":14077,"comment_status":"closed","ping_status":"closed","sticky":false,"template":"","format":"standard","meta":{"_et_pb_use_builder":"","_et_pb_old_content":"","_et_gb_content_width":"","footnotes":""},"categories":[155],"tags":[],"class_list":["post-14071","post","type-post","status-publish","format-standard","has-post-thumbnail","hentry","category-noticias-em-destaque"],"_links":{"self":[{"href":"https:\/\/sjcbancarios.com.br\/site\/wp-json\/wp\/v2\/posts\/14071","targetHints":{"allow":["GET"]}}],"collection":[{"href":"https:\/\/sjcbancarios.com.br\/site\/wp-json\/wp\/v2\/posts"}],"about":[{"href":"https:\/\/sjcbancarios.com.br\/site\/wp-json\/wp\/v2\/types\/post"}],"author":[{"embeddable":true,"href":"https:\/\/sjcbancarios.com.br\/site\/wp-json\/wp\/v2\/users\/2"}],"replies":[{"embeddable":true,"href":"https:\/\/sjcbancarios.com.br\/site\/wp-json\/wp\/v2\/comments?post=14071"}],"version-history":[{"count":0,"href":"https:\/\/sjcbancarios.com.br\/site\/wp-json\/wp\/v2\/posts\/14071\/revisions"}],"wp:featuredmedia":[{"embeddable":true,"href":"https:\/\/sjcbancarios.com.br\/site\/wp-json\/wp\/v2\/media\/14077"}],"wp:attachment":[{"href":"https:\/\/sjcbancarios.com.br\/site\/wp-json\/wp\/v2\/media?parent=14071"}],"wp:term":[{"taxonomy":"category","embeddable":true,"href":"https:\/\/sjcbancarios.com.br\/site\/wp-json\/wp\/v2\/categories?post=14071"},{"taxonomy":"post_tag","embeddable":true,"href":"https:\/\/sjcbancarios.com.br\/site\/wp-json\/wp\/v2\/tags?post=14071"}],"curies":[{"name":"wp","href":"https:\/\/api.w.org\/{rel}","templated":true}]}}