{"id":14065,"date":"2021-03-16T16:42:36","date_gmt":"2021-03-16T19:42:36","guid":{"rendered":"https:\/\/sjcbancarios.com.br\/site\/?p=14065"},"modified":"2021-03-16T16:42:36","modified_gmt":"2021-03-16T19:42:36","slug":"14065","status":"publish","type":"post","link":"https:\/\/sjcbancarios.com.br\/site\/noticias-em-destaque\/14065\/","title":{"rendered":""},"content":{"rendered":"<p style=\"text-align: justify;\"><span style=\"font-family: arial, helvetica, sans-serif;\">Nesta segunda-feira, dia 15, a Federa\u00e7\u00e3o dos Banc\u00e1rios dos Estados de S\u00e3o Paulo e Mato Grosso do Sul (Feeb SP\/MS) enviou uma carta solicitando apoio de parlamentares para a quest\u00e3o referente \u00e0 reestrutura\u00e7\u00e3o do Banco do Brasil e defesa do Banco p\u00fablico. A reestrutura\u00e7\u00e3o prev\u00ea o fechamento de 362 unidades e a diminui\u00e7\u00e3o de mais de cinco mil funcion\u00e1rios.<\/span><br \/>\n<span style=\"font-family: arial, helvetica, sans-serif;\">A Feeb SP\/MS \u00e9 respons\u00e1vel pela representa\u00e7\u00e3o de 23 Sindicatos e 40 mil banc\u00e1rios. No total, 82 parlamentares foram acionados, entre eles, deputadas e deputados federais, e senadoras e senadores, dos dois estados representados, S\u00e3o Paulo e Mato Grosso do Sul.<\/span><\/p>\n<p style=\"text-align: justify;\"><span style=\"font-family: arial, helvetica, sans-serif;\">\u201cApresentamos por meio de carta oficio e da revista \u201cO Banco do Brasil \u00e9 Bom\u2026\u201d, a real situa\u00e7\u00e3o e a preocupa\u00e7\u00e3o de todos com a amea\u00e7a de seus postos de emprego e venda do BB\u201d, destaca Jeferson Boava, presidente da Feeb SP\/MS.<\/span><\/p>\n<p style=\"text-align: justify;\"><span style=\"font-family: arial, helvetica, sans-serif;\">De acordo com a exposi\u00e7\u00e3o da Federa\u00e7\u00e3o aos parlamentares, a institui\u00e7\u00e3o financeira \u00e9 de extrema import\u00e2ncia para o desenvolvimento, atendimento, gera\u00e7\u00e3o de renda e servi\u00e7o ao Pa\u00eds.<\/span><\/p>\n<p style=\"text-align: justify;\"><span style=\"font-family: arial, helvetica, sans-serif;\">Al\u00e9m de destacar a gravidade da reestrutura\u00e7\u00e3o da institui\u00e7\u00e3o, a Federa\u00e7\u00e3o enfatizou o pedido de ajuda \u00e0 apresenta\u00e7\u00e3o do Projeto de Lei 461\/21, de autoria do deputado federal Kim Kataguiri \u2013 DEM\/SP, que prop\u00f5e a possibilidade de privatiza\u00e7\u00e3o do Banco do Brasil.<\/span><\/p>\n<p style=\"text-align: justify;\"><span style=\"font-family: arial, helvetica, sans-serif;\">\u201cFalamos de um Banco P\u00fablico respons\u00e1vel por 67% do cr\u00e9dito rural no pa\u00eds, setor que se destacou em tempos de pandemia e foi respons\u00e1vel por evitar \u00edndices ainda mais severos na economia. \u00c9 tamb\u00e9m o banco que socorreu as micro e pequenas empresas, respons\u00e1veis por 54% do emprego formal no Brasil, com a concess\u00e3o de cr\u00e9dito. Estamos falando do futuro do pa\u00eds e dos impactos que nossa economia pode sofrer com uma poss\u00edvel privatiza\u00e7\u00e3o\u201d, enfatiza Boava.<\/span><\/p>\n<p style=\"text-align: justify;\"><strong><span style=\"font-family: arial, helvetica, sans-serif;\">Hist\u00f3rico de lutas<\/span><\/strong><br \/>\n<span style=\"font-family: arial, helvetica, sans-serif;\">Desde o an\u00fancio da reestrutura\u00e7\u00e3o, entidades membros do Comando Nacional, junto com milhares de banc\u00e1rias e banc\u00e1rios, lutam contra as medidas propostas pela dire\u00e7\u00e3o do Banco e pelo governo Bolsonaro. Recentemente, em resposta ao movimento sindical, a categoria alcan\u00e7ou medida judicial provis\u00f3ria que impede a extin\u00e7\u00e3o da fun\u00e7\u00e3o de caixa no BB.<\/span><\/p>\n<p style=\"text-align: justify;\"><span style=\"font-family: arial, helvetica, sans-serif;\">A categoria segue com calend\u00e1rio de luta e pede apoio na defesa do Banco do Brasil como Banco p\u00fablico.<\/span><\/p>\n<p style=\"text-align: justify;\"><span style=\"font-family: arial, helvetica, sans-serif;\">\u201cNossa luta \u00e9 no \u00e2mbito da defesa dos direitos dos banc\u00e1rios e contra o desmonte e a privatiza\u00e7\u00e3o das empresas p\u00fablicas\u201d, conclui Boava.<\/span><\/p>\n<p style=\"text-align: justify;\"><span style=\"font-family: arial, helvetica, sans-serif;\">O pedido foi assinado por membros da diretoria da Federa\u00e7\u00e3o dos Banc\u00e1rios, entre eles, o Presidente Jeferson Boava, o vice-presidente Davi Zaia e o Secret\u00e1rio Geral, Reginaldo Breda.<\/span><\/p>\n<p>&nbsp;<\/p>\n<p>Fonte: Federa\u00e7\u00e3o dos banc\u00e1rios de SPMS<\/p>\n","protected":false},"excerpt":{"rendered":"<p class=\"excerpt\">Nesta segunda-feira, dia 15, a Federa\u00e7\u00e3o dos Banc\u00e1rios dos Estados de S\u00e3o Paulo e Mato Grosso do Sul (Feeb SP\/MS) enviou uma carta solicitando apoio de parlamentares para a quest\u00e3o referente \u00e0 reestrutura\u00e7\u00e3o do Banco do Brasil e defesa do Banco p\u00fablico. A reestrutura\u00e7\u00e3o prev\u00ea o fechamento de 362 unidades e a diminui\u00e7\u00e3o de mais [&hellip;]<\/p>\n","protected":false},"author":2,"featured_media":14066,"comment_status":"closed","ping_status":"closed","sticky":false,"template":"","format":"standard","meta":{"_et_pb_use_builder":"","_et_pb_old_content":"","_et_gb_content_width":"","footnotes":""},"categories":[155],"tags":[],"class_list":["post-14065","post","type-post","status-publish","format-standard","has-post-thumbnail","hentry","category-noticias-em-destaque"],"_links":{"self":[{"href":"https:\/\/sjcbancarios.com.br\/site\/wp-json\/wp\/v2\/posts\/14065","targetHints":{"allow":["GET"]}}],"collection":[{"href":"https:\/\/sjcbancarios.com.br\/site\/wp-json\/wp\/v2\/posts"}],"about":[{"href":"https:\/\/sjcbancarios.com.br\/site\/wp-json\/wp\/v2\/types\/post"}],"author":[{"embeddable":true,"href":"https:\/\/sjcbancarios.com.br\/site\/wp-json\/wp\/v2\/users\/2"}],"replies":[{"embeddable":true,"href":"https:\/\/sjcbancarios.com.br\/site\/wp-json\/wp\/v2\/comments?post=14065"}],"version-history":[{"count":0,"href":"https:\/\/sjcbancarios.com.br\/site\/wp-json\/wp\/v2\/posts\/14065\/revisions"}],"wp:featuredmedia":[{"embeddable":true,"href":"https:\/\/sjcbancarios.com.br\/site\/wp-json\/wp\/v2\/media\/14066"}],"wp:attachment":[{"href":"https:\/\/sjcbancarios.com.br\/site\/wp-json\/wp\/v2\/media?parent=14065"}],"wp:term":[{"taxonomy":"category","embeddable":true,"href":"https:\/\/sjcbancarios.com.br\/site\/wp-json\/wp\/v2\/categories?post=14065"},{"taxonomy":"post_tag","embeddable":true,"href":"https:\/\/sjcbancarios.com.br\/site\/wp-json\/wp\/v2\/tags?post=14065"}],"curies":[{"name":"wp","href":"https:\/\/api.w.org\/{rel}","templated":true}]}}