{"id":14053,"date":"2021-03-15T08:14:26","date_gmt":"2021-03-15T11:14:26","guid":{"rendered":"https:\/\/sjcbancarios.com.br\/site\/?p=14053"},"modified":"2021-03-15T08:14:26","modified_gmt":"2021-03-15T11:14:26","slug":"fenaban-nao-avanca-nos-protocolos-de-protecao-dos-bancarios","status":"publish","type":"post","link":"https:\/\/sjcbancarios.com.br\/site\/noticias-em-destaque\/fenaban-nao-avanca-nos-protocolos-de-protecao-dos-bancarios\/","title":{"rendered":"Fenaban n\u00e3o avan\u00e7a nos protocolos de prote\u00e7\u00e3o dos banc\u00e1rios."},"content":{"rendered":"<p><em>Nova reuni\u00e3o est\u00e1 agendada para amanh\u00e3, dia 16, \u00e0s 13 horas.<\/em><\/p>\n<p style=\"text-align: justify;\"><span style=\"font-family: arial, helvetica, sans-serif;\">O resultado da reuni\u00e3o da ultima quinta-feira, dia 11, entre Comando Nacional e Fenaban foi considerado insatisfat\u00f3rio para o movimento sindical. Pedidos como os de prote\u00e7\u00e3o aos banc\u00e1rios durante o agravamento da pandemia n\u00e3o surtiram efeito.<\/span><\/p>\n<p style=\"text-align: justify;\"><span style=\"font-family: arial, helvetica, sans-serif;\">\u201cChegamos a 35 reuni\u00f5es durante o per\u00edodo de pandemia e em 19 delas o tema foi tratado de forma espec\u00edfica, ainda assim, as respostas continuam insatisfat\u00f3rias\u201d, explica o presidente da Federa\u00e7\u00e3o dos Banc\u00e1rios dos Estados de S\u00e3o Paulo e Mato Grosso do Sul (Feeb SP\/MS), Jeferson Boava, que participou da reuni\u00e3o.<\/span><\/p>\n<p style=\"text-align: justify;\"><span style=\"font-family: arial, helvetica, sans-serif;\">Durante a reuni\u00e3o, o Comando Nacional refor\u00e7ou o pedido de inclus\u00e3o da categoria banc\u00e1ria como priorit\u00e1ria no Plano Nacional de Vacina\u00e7\u00e3o contra a Covid-19. A Fenaban concordou com a reivindica\u00e7\u00e3o dos trabalhadores e disse que ir\u00e1 refor\u00e7ar os esfor\u00e7os do movimento sindical junto ao poder p\u00fablico.<\/span><\/p>\n<p style=\"text-align: justify;\"><span style=\"font-family: arial, helvetica, sans-serif;\">\u201cO atendimento banc\u00e1rio \u00e0 popula\u00e7\u00e3o \u00e9 essencial e n\u00e3o para, a exposi\u00e7\u00e3o ao v\u00edrus \u00e9 grande e para a categoria \u00e9 de grande valia ser inclu\u00edda na agenda de vacina\u00e7\u00e3o\u201d, explicou Boava.<\/span><\/p>\n<p style=\"text-align: justify;\"><span style=\"font-family: arial, helvetica, sans-serif;\"><strong>Demais reivindica\u00e7\u00f5es<\/strong><\/span><br \/>\n<span style=\"font-family: arial, helvetica, sans-serif;\"><strong>Visitas externas \u2013<\/strong> Quando a discuss\u00e3o foi sobre o retorno das reivindica\u00e7\u00f5es apresentadas na semana passada, as not\u00edcias n\u00e3o foram boas. Sobre a den\u00fancia da press\u00e3o para que os banc\u00e1rios fa\u00e7am visitas externas, a Fenaban garantiu que vai orientar a todos os Bancos que as reuni\u00f5es presenciais de gerentes sejam exclusivas de casos emergenciais. Os representantes dos trabalhadores voltaram a cobrar a suspens\u00e3o total. Os representantes dos Bancos ficaram de retornar.<\/span><\/p>\n<p style=\"text-align: justify;\"><span style=\"font-family: arial, helvetica, sans-serif;\"><strong>Diminui\u00e7\u00e3o dos hor\u00e1rios das ag\u00eancias \u2013<\/strong> A Fenaban disse que ir\u00e3o reduzir o hor\u00e1rio de atendimento: das 9h \u00e0s 10h, atendimento exclusivo aos clientes do grupo de riscos, idosos e gestantes. Entre 10h e 15h, no m\u00e1ximo, atendimento aos demais clientes. Essas limita\u00e7\u00f5es de hor\u00e1rio n\u00e3o valem para a Caixa, que ir\u00e1 iniciar o pagamento da nova fase do aux\u00edlio emergencial.<\/span><\/p>\n<p style=\"text-align: justify;\"><span style=\"font-family: arial, helvetica, sans-serif;\"><strong>Teletrabalho \u2013<\/strong> A Fenaban informou que 14 institui\u00e7\u00f5es financeiras j\u00e1 efetuaram o retorno dos trabalhadores do sistema presencial para o teletrabalho. Ficou de apurar ainda se outros banc\u00e1rios ir\u00e3o retornar a esta situa\u00e7\u00e3o.<\/span><\/p>\n<p style=\"text-align: justify;\"><span style=\"font-family: arial, helvetica, sans-serif;\"><strong>Press\u00e3o das metas \u2013<\/strong> Outra reivindica\u00e7\u00e3o cobrada foi a redu\u00e7\u00e3o das metas durante a pandemia.<\/span><\/p>\n<p style=\"text-align: justify;\"><span style=\"font-family: arial, helvetica, sans-serif;\"><strong>Demiss\u00f5es \u2013<\/strong> O Comando reivindicou que os Bancos suspendessem as demiss\u00f5es nesse pior momento da pandemia. Sobre essa quest\u00e3o, ficou acertada uma nova reuni\u00e3o para a tarde de amanh\u00e3 ter\u00e7a-feira (16), \u00e0s 13h.<\/span><\/p>\n<p>Fonte: Federa\u00e7\u00e3o dos banc\u00e1rios de SPMS<\/p>\n<p style=\"text-align: justify;\">\u00a0<\/p>\n","protected":false},"excerpt":{"rendered":"<p class=\"excerpt\">Nova reuni\u00e3o est\u00e1 agendada para amanh\u00e3, dia 16, \u00e0s 13 horas. O resultado da reuni\u00e3o da ultima quinta-feira, dia 11, entre Comando Nacional e Fenaban foi considerado insatisfat\u00f3rio para o movimento sindical. Pedidos como os de prote\u00e7\u00e3o aos banc\u00e1rios durante o agravamento da pandemia n\u00e3o surtiram efeito. \u201cChegamos a 35 reuni\u00f5es durante o per\u00edodo de [&hellip;]<\/p>\n","protected":false},"author":2,"featured_media":14054,"comment_status":"closed","ping_status":"closed","sticky":false,"template":"","format":"standard","meta":{"_et_pb_use_builder":"","_et_pb_old_content":"","_et_gb_content_width":"","footnotes":""},"categories":[155],"tags":[],"class_list":["post-14053","post","type-post","status-publish","format-standard","has-post-thumbnail","hentry","category-noticias-em-destaque"],"_links":{"self":[{"href":"https:\/\/sjcbancarios.com.br\/site\/wp-json\/wp\/v2\/posts\/14053","targetHints":{"allow":["GET"]}}],"collection":[{"href":"https:\/\/sjcbancarios.com.br\/site\/wp-json\/wp\/v2\/posts"}],"about":[{"href":"https:\/\/sjcbancarios.com.br\/site\/wp-json\/wp\/v2\/types\/post"}],"author":[{"embeddable":true,"href":"https:\/\/sjcbancarios.com.br\/site\/wp-json\/wp\/v2\/users\/2"}],"replies":[{"embeddable":true,"href":"https:\/\/sjcbancarios.com.br\/site\/wp-json\/wp\/v2\/comments?post=14053"}],"version-history":[{"count":0,"href":"https:\/\/sjcbancarios.com.br\/site\/wp-json\/wp\/v2\/posts\/14053\/revisions"}],"wp:featuredmedia":[{"embeddable":true,"href":"https:\/\/sjcbancarios.com.br\/site\/wp-json\/wp\/v2\/media\/14054"}],"wp:attachment":[{"href":"https:\/\/sjcbancarios.com.br\/site\/wp-json\/wp\/v2\/media?parent=14053"}],"wp:term":[{"taxonomy":"category","embeddable":true,"href":"https:\/\/sjcbancarios.com.br\/site\/wp-json\/wp\/v2\/categories?post=14053"},{"taxonomy":"post_tag","embeddable":true,"href":"https:\/\/sjcbancarios.com.br\/site\/wp-json\/wp\/v2\/tags?post=14053"}],"curies":[{"name":"wp","href":"https:\/\/api.w.org\/{rel}","templated":true}]}}