{"id":14050,"date":"2021-03-15T07:59:25","date_gmt":"2021-03-15T10:59:25","guid":{"rendered":"https:\/\/sjcbancarios.com.br\/site\/?p=14050"},"modified":"2021-03-15T08:15:19","modified_gmt":"2021-03-15T11:15:19","slug":"sindicatos-aprovam-acordo-da-covid-19-com-o-bb","status":"publish","type":"post","link":"https:\/\/sjcbancarios.com.br\/site\/noticias-em-destaque\/sindicatos-aprovam-acordo-da-covid-19-com-o-bb\/","title":{"rendered":""},"content":{"rendered":"<div id=\"conteudoNoticia\" class=\"Page\">\n<div style=\"text-align: justify;\"><span style=\"font-family: arial, helvetica, sans-serif;\">Na ultima quarta-feira (09), os funcion\u00e1rios do Banco do Brasil participaram da assembleia que deliberou sobre a renova\u00e7\u00e3o do Acordo Coletivo de Trabalho Emergencial (Pandemia Covid-19).<\/span><\/div>\n<div style=\"text-align: justify;\">\n<p><span style=\"font-family: arial, helvetica, sans-serif;\">A vota\u00e7\u00e3o ocorreu de forma virtual pelo site da Contec e resultou na aprova\u00e7\u00e3o do acordo com o Banco do Brasil.<\/span><\/p>\n<p><span style=\"font-family: arial, helvetica, sans-serif;\">O Novo ACT destaca quest\u00f5es como o n\u00e3o descomissionamento por desempenho enquanto perdurar a pandemia, o desconto de 10% no saldo de horas negativas e o aumento de prazo para compensa\u00e7\u00e3o, que passa para 18 meses.<\/span><\/p>\n<p><span style=\"font-family: arial, helvetica, sans-serif;\">A renova\u00e7\u00e3o do acordo \u00e9 uma demanda vinda dos funcion\u00e1rios que foi negociada pelo Comando Nacional dos Banc\u00e1rios com o Banco do Brasil.<\/span><\/p>\n<p><span style=\"font-family: arial, helvetica, sans-serif;\">O acordo anterior venceria no \u00faltimo dia de 2020, mas foi estendido por conta da uma liminar do Supremo Tribunal Federal (STF), que prorrogou o Estado de Pandemia. O Comando Nacional dos Banc\u00e1rios orientou para a aprova\u00e7\u00e3o do acordo. As assembleias ocorreram em todo o pa\u00eds e resultaram na aprova\u00e7\u00e3o por ampla maioria.<\/span><\/p>\n<p><span style=\"font-family: arial, helvetica, sans-serif;\">O pr\u00f3ximo passo ser\u00e1 a assinatura do acordo pelo Banco e por suas entidades representativas.<\/span><\/p>\n<p>&nbsp;<\/p>\n<p><span style=\"font-family: arial, helvetica, sans-serif;\">Fonte: Federa\u00e7\u00e3o dos banc\u00e1rios de SPMS<\/span><\/p>\n<\/div>\n<\/div>\n<div class=\"Page\" style=\"text-align: justify;\">\u00a0<\/div>\n","protected":false},"excerpt":{"rendered":"<p class=\"excerpt\">Na ultima quarta-feira (09), os funcion\u00e1rios do Banco do Brasil participaram da assembleia que deliberou sobre a renova\u00e7\u00e3o do Acordo Coletivo de Trabalho Emergencial (Pandemia Covid-19). A vota\u00e7\u00e3o ocorreu de forma virtual pelo site da Contec e resultou na aprova\u00e7\u00e3o do acordo com o Banco do Brasil. O Novo ACT destaca quest\u00f5es como o n\u00e3o [&hellip;]<\/p>\n","protected":false},"author":2,"featured_media":14051,"comment_status":"closed","ping_status":"closed","sticky":false,"template":"","format":"standard","meta":{"_et_pb_use_builder":"","_et_pb_old_content":"","_et_gb_content_width":"","footnotes":""},"categories":[155],"tags":[],"class_list":["post-14050","post","type-post","status-publish","format-standard","has-post-thumbnail","hentry","category-noticias-em-destaque"],"_links":{"self":[{"href":"https:\/\/sjcbancarios.com.br\/site\/wp-json\/wp\/v2\/posts\/14050","targetHints":{"allow":["GET"]}}],"collection":[{"href":"https:\/\/sjcbancarios.com.br\/site\/wp-json\/wp\/v2\/posts"}],"about":[{"href":"https:\/\/sjcbancarios.com.br\/site\/wp-json\/wp\/v2\/types\/post"}],"author":[{"embeddable":true,"href":"https:\/\/sjcbancarios.com.br\/site\/wp-json\/wp\/v2\/users\/2"}],"replies":[{"embeddable":true,"href":"https:\/\/sjcbancarios.com.br\/site\/wp-json\/wp\/v2\/comments?post=14050"}],"version-history":[{"count":0,"href":"https:\/\/sjcbancarios.com.br\/site\/wp-json\/wp\/v2\/posts\/14050\/revisions"}],"wp:featuredmedia":[{"embeddable":true,"href":"https:\/\/sjcbancarios.com.br\/site\/wp-json\/wp\/v2\/media\/14051"}],"wp:attachment":[{"href":"https:\/\/sjcbancarios.com.br\/site\/wp-json\/wp\/v2\/media?parent=14050"}],"wp:term":[{"taxonomy":"category","embeddable":true,"href":"https:\/\/sjcbancarios.com.br\/site\/wp-json\/wp\/v2\/categories?post=14050"},{"taxonomy":"post_tag","embeddable":true,"href":"https:\/\/sjcbancarios.com.br\/site\/wp-json\/wp\/v2\/tags?post=14050"}],"curies":[{"name":"wp","href":"https:\/\/api.w.org\/{rel}","templated":true}]}}