{"id":14013,"date":"2021-03-05T07:10:05","date_gmt":"2021-03-05T10:10:05","guid":{"rendered":"https:\/\/sjcbancarios.com.br\/site\/?p=14013"},"modified":"2021-03-05T09:04:28","modified_gmt":"2021-03-05T12:04:28","slug":"coe-contec-cobra-bradesco-sobre-o-fechamento-de-agencias-e-demissoes","status":"publish","type":"post","link":"https:\/\/sjcbancarios.com.br\/site\/noticias-em-destaque\/coe-contec-cobra-bradesco-sobre-o-fechamento-de-agencias-e-demissoes\/","title":{"rendered":"COE Contec cobra Bradesco sobre o fechamento de ag\u00eancias e demiss\u00f5es."},"content":{"rendered":"<p style=\"text-align: justify;\"><span style=\"font-family: arial, helvetica, sans-serif;\">Na ultima segunda-feira, dia 1\u00ba de mar\u00e7o, foi realizada reuni\u00e3o virtual da COE (Comiss\u00e3o de Organiza\u00e7\u00e3o dos Empregados) do Bradesco da Contec (Confedera\u00e7\u00e3o Nacional dos Trabalhadores de Cr\u00e9dito) com o Banco Bradesco\u00a0 para tratar de diversos assuntos de interesse da categoria.<\/span><\/p>\n<p style=\"text-align: justify;\"><span style=\"font-family: arial, helvetica, sans-serif;\">Durante a reuni\u00e3o, o movimento sindical cobrou do Banco esclarecimentos sobre o fechamento de ag\u00eancias, transforma\u00e7\u00f5es em unidades de neg\u00f3cio e demiss\u00f5es.<\/span><\/p>\n<p style=\"text-align: justify;\"><span style=\"font-family: arial, helvetica, sans-serif;\">O Banco esclareceu que vem tomando decis\u00f5es para se manter forte em um ambiente cada vez mais competitivo, por\u00e9m a pandemia foi um acelerador de um processo que aconteceria possivelmente s\u00f3 no futuro. Mesmo assim, as unidades de neg\u00f3cio mant\u00eam a presen\u00e7a com os clientes. Com rela\u00e7\u00e3o ao fechamento de ag\u00eancias, ainda n\u00e3o h\u00e1 n\u00fameros nem locais definidos, pois h\u00e1 uma s\u00e9rie de fatores a serem analisados, como economia, estudos locais, etc.<\/span><\/p>\n<p style=\"text-align: justify;\"><span style=\"font-family: arial, helvetica, sans-serif;\"><strong>Metas<\/strong><\/span><br \/>\n<span style=\"font-family: arial, helvetica, sans-serif;\">Outro assunto tamb\u00e9m muito debatido foi com rela\u00e7\u00e3o as metas, principalmente neste per\u00edodo de pandemia, onde o Banco alegou que existe um estudo cient\u00edfico, em que s\u00e3o utilizados v\u00e1rios crit\u00e9rios, como por exemplo potencial de mercado, regi\u00e3o, capacidade local, etc. Mesmo assim, a COE solicitou uma melhor avalia\u00e7\u00e3o dos crit\u00e9rios adotados.<\/span><\/p>\n<p style=\"text-align: justify;\"><span style=\"font-family: arial, helvetica, sans-serif;\">Foram feitas v\u00e1rias explana\u00e7\u00f5es dos dirigentes sindicais dos problemas enfrentados pela categoria com rela\u00e7\u00e3o ao teletrabalho, e o Banco deixou claro que o teletrabalho chegou para ficar, por\u00e9m ainda n\u00e3o est\u00e1 sendo aplicado. Isso s\u00f3 ocorrer\u00e1 ap\u00f3s a pandemia. No momento o Banco est\u00e1 fazendo o que \u00e9 poss\u00edvel devido \u00e0s emerg\u00eancias pontuais, o que n\u00e3o pode acontecer \u00e9 se tornar uma pr\u00e1tica do gestor.<\/span><\/p>\n<p style=\"text-align: justify;\"><span style=\"font-family: arial, helvetica, sans-serif;\"><strong>Plano de sa\u00fade e novo PDVE<\/strong><\/span><br \/>\n<span style=\"font-family: arial, helvetica, sans-serif;\">Algo de grande interesse dos funcion\u00e1rios do Bradesco \u00e9 a possibilidade de se manter o plano de sa\u00fade ap\u00f3s a sa\u00edda do Banco. A representante do Bradesco anotou o pedido para levar para an\u00e1lise, por\u00e9m deixou claro que no momento n\u00e3o \u00e9 poss\u00edvel.<\/span><\/p>\n<p style=\"text-align: justify;\"><span style=\"font-family: arial, helvetica, sans-serif;\">Como \u00faltimo assunto, foi solicitado pelo movimento Sindical a possibilidade da cria\u00e7\u00e3o de um novo PDVE antes de poss\u00edveis demiss\u00f5es que venham a ocorrer no futuro, por\u00e9m o Banco afirmou que n\u00e3o tem nem estudos para a cria\u00e7\u00e3o de um novo PDVE.<\/span><\/p>\n<p style=\"text-align: justify;\"><span style=\"font-family: arial, helvetica, sans-serif;\">Fonte: Diretoria Executiva da CONTEC<\/span><\/p>\n","protected":false},"excerpt":{"rendered":"<p class=\"excerpt\">Na ultima segunda-feira, dia 1\u00ba de mar\u00e7o, foi realizada reuni\u00e3o virtual da COE (Comiss\u00e3o de Organiza\u00e7\u00e3o dos Empregados) do Bradesco da Contec (Confedera\u00e7\u00e3o Nacional dos Trabalhadores de Cr\u00e9dito) com o Banco Bradesco\u00a0 para tratar de diversos assuntos de interesse da categoria. Durante a reuni\u00e3o, o movimento sindical cobrou do Banco esclarecimentos sobre o fechamento de [&hellip;]<\/p>\n","protected":false},"author":2,"featured_media":14015,"comment_status":"closed","ping_status":"closed","sticky":false,"template":"","format":"standard","meta":{"_et_pb_use_builder":"","_et_pb_old_content":"","_et_gb_content_width":"","footnotes":""},"categories":[155],"tags":[],"class_list":["post-14013","post","type-post","status-publish","format-standard","has-post-thumbnail","hentry","category-noticias-em-destaque"],"_links":{"self":[{"href":"https:\/\/sjcbancarios.com.br\/site\/wp-json\/wp\/v2\/posts\/14013","targetHints":{"allow":["GET"]}}],"collection":[{"href":"https:\/\/sjcbancarios.com.br\/site\/wp-json\/wp\/v2\/posts"}],"about":[{"href":"https:\/\/sjcbancarios.com.br\/site\/wp-json\/wp\/v2\/types\/post"}],"author":[{"embeddable":true,"href":"https:\/\/sjcbancarios.com.br\/site\/wp-json\/wp\/v2\/users\/2"}],"replies":[{"embeddable":true,"href":"https:\/\/sjcbancarios.com.br\/site\/wp-json\/wp\/v2\/comments?post=14013"}],"version-history":[{"count":0,"href":"https:\/\/sjcbancarios.com.br\/site\/wp-json\/wp\/v2\/posts\/14013\/revisions"}],"wp:featuredmedia":[{"embeddable":true,"href":"https:\/\/sjcbancarios.com.br\/site\/wp-json\/wp\/v2\/media\/14015"}],"wp:attachment":[{"href":"https:\/\/sjcbancarios.com.br\/site\/wp-json\/wp\/v2\/media?parent=14013"}],"wp:term":[{"taxonomy":"category","embeddable":true,"href":"https:\/\/sjcbancarios.com.br\/site\/wp-json\/wp\/v2\/categories?post=14013"},{"taxonomy":"post_tag","embeddable":true,"href":"https:\/\/sjcbancarios.com.br\/site\/wp-json\/wp\/v2\/tags?post=14013"}],"curies":[{"name":"wp","href":"https:\/\/api.w.org\/{rel}","templated":true}]}}