{"id":14010,"date":"2021-03-05T08:47:31","date_gmt":"2021-03-05T11:47:31","guid":{"rendered":"https:\/\/sjcbancarios.com.br\/site\/?p=14010"},"modified":"2021-03-05T08:47:31","modified_gmt":"2021-03-05T11:47:31","slug":"bancos-reforcam-medidas-sanitarias-para-fase-vermelha-em-sp-diz-febraban","status":"publish","type":"post","link":"https:\/\/sjcbancarios.com.br\/site\/noticias\/bancos-reforcam-medidas-sanitarias-para-fase-vermelha-em-sp-diz-febraban\/","title":{"rendered":"Bancos refor\u00e7am Medidas Sanit\u00e1rias para Fase Vermelha em SP, diz FEBRABAN"},"content":{"rendered":"<p style=\"text-align: justify;\"><span style=\"font-family: arial, helvetica, sans-serif;\"><em>Bancos refor\u00e7am a necessidade de que os clientes e o p\u00fablico em geral evitem ao m\u00e1ximo o comparecimento presencial<\/em><\/span><\/p>\n<p style=\"text-align: justify;\"><span style=\"font-family: arial, helvetica, sans-serif;\">A FEBRABAN e seus Bancos associados, divulgaram que diante da ado\u00e7\u00e3o da fase vermelha em todo o Estado de S\u00e3o Paulo, implementar\u00e3o todas as a\u00e7\u00f5es necess\u00e1rias e extraordin\u00e1rias para contribuir com os protocolos de sa\u00fade enquanto durar essa fase em todo o Estado.<\/span><\/p>\n<p style=\"text-align: justify;\"><span style=\"font-family: arial, helvetica, sans-serif;\">Ser\u00e3o refor\u00e7adas as a\u00e7\u00f5es sanit\u00e1rias e de precau\u00e7\u00e3o adotadas desde o in\u00edcio da pandemia, para assegurar a sa\u00fade dos seus clientes, funcion\u00e1rios e do p\u00fablico em geral. As medidas permitir\u00e3o que empresas e pessoas possam continuar recebendo seus recursos, pagando contas, conferindo suas finan\u00e7as, comprando e tocando os neg\u00f3cios com seguran\u00e7a:<\/span><\/p>\n<p style=\"text-align: justify;\"><span style=\"font-family: arial, helvetica, sans-serif;\">Os Bancos refor\u00e7am a necessidade de que os clientes e o p\u00fablico em geral evitem ao m\u00e1ximo o comparecimento presencial nas ag\u00eancias banc\u00e1rias do Estado, utilizando os canais digitais como principal meio de acesso aos servi\u00e7os. O atendimento pelo celular (mobile banking), pelo computador (internet banking) e telef\u00f4nico (call centers) est\u00e3o dispon\u00edveis e oferecem praticamente a totalidade das transa\u00e7\u00f5es financeiras do sistema banc\u00e1rio;<\/span><\/p>\n<p style=\"text-align: justify;\"><span style=\"font-family: arial, helvetica, sans-serif;\">A partir da pr\u00f3xima segunda-feira, dia 08 de mar\u00e7o, a rede de ag\u00eancias estar\u00e1 aberta minimamente das 9 \u00e0s 10 horas para atendimento exclusivo para pessoas do grupo de risco, como aqueles acima de 60 anos e as gestantes. Os demais clientes ser\u00e3o atendidos pelo menos entre 10 e 15 horas;<\/span><\/p>\n<p style=\"text-align: justify;\"><span style=\"font-family: arial, helvetica, sans-serif;\">Tamb\u00e9m a partir da pr\u00f3xima segunda-feira, a entrada de clientes nas ag\u00eancias banc\u00e1rias dever\u00e1 ser restrita a casos absolutamente priorit\u00e1rios, evitando aglomera\u00e7\u00f5es em ambientes fechados. Os funcion\u00e1rios das ag\u00eancias far\u00e3o uma triagem do atendimento;<\/span><\/p>\n<p style=\"text-align: justify;\"><span style=\"font-family: arial, helvetica, sans-serif;\">Para as situa\u00e7\u00f5es absolutamente excepcionais, em que a presen\u00e7a nas ag\u00eancias se mostrar indispens\u00e1vel, os Bancos est\u00e3o refor\u00e7ando as medidas de higieniza\u00e7\u00e3o das instala\u00e7\u00f5es, inclusive ag\u00eancias e caixas eletr\u00f4nicos;<\/span><\/p>\n<p style=\"text-align: justify;\"><span style=\"font-family: arial, helvetica, sans-serif;\">Os Bancos v\u00e3o assegurar aos funcion\u00e1rios toda a prote\u00e7\u00e3o dispon\u00edvel, como uso de m\u00e1scaras, \u00e1lcool gel e os demais equipamento de prote\u00e7\u00e3o individual. Ser\u00e3o ainda ministrados constantemente testes de detec\u00e7\u00e3o do v\u00edrus e observados os protocolos sanit\u00e1rios. Em casos de contamina\u00e7\u00e3o confirmada, as ag\u00eancias passar\u00e3o por um novo processo de higieniza\u00e7\u00e3o;<\/span><\/p>\n<p style=\"text-align: justify;\"><span style=\"font-family: arial, helvetica, sans-serif;\">Al\u00e9m disso, todas as reuni\u00f5es presenciais com clientes, agendamentos de visitas externas ou quaisquer contatos fora das ag\u00eancias tamb\u00e9m estar\u00e3o temporariamente suspensos;<\/span><\/p>\n<p style=\"text-align: justify;\"><span style=\"font-family: arial, helvetica, sans-serif;\">A rede banc\u00e1ria refor\u00e7ar\u00e1 a sinaliza\u00e7\u00e3o das ag\u00eancias, indicando a necessidade de afastamento social, higieniza\u00e7\u00e3o e uso de m\u00e1scaras; e<\/span><\/p>\n<p style=\"text-align: justify;\"><span style=\"font-family: arial, helvetica, sans-serif;\">Para evitar aglomera\u00e7\u00f5es de pessoas, a FEBRABAN tamb\u00e9m refor\u00e7ou orienta\u00e7\u00e3o para organiza\u00e7\u00e3o de filas no autoatendimento e nas \u00e1reas externas das ag\u00eancias. Elas incluem checagem das marca\u00e7\u00f5es feita nas cal\u00e7adas com no m\u00ednimo 1,5 metro de dist\u00e2ncia entre as pessoas e a\u00e7\u00f5es coordenadas com as for\u00e7as de seguran\u00e7a locais para cumprimento das medidas de conscientiza\u00e7\u00e3o e redu\u00e7\u00e3o das aglomera\u00e7\u00f5es.<\/span><\/p>\n<p style=\"text-align: justify;\"><span style=\"font-family: arial, helvetica, sans-serif;\">A FEBRABAN ressalta a import\u00e2ncia da utiliza\u00e7\u00e3o dos canais digitais para atendimento dos servi\u00e7os banc\u00e1rios a fim de evitar a concentra\u00e7\u00e3o de pessoas nas ag\u00eancias. Essas s\u00e3o a\u00e7\u00f5es eficazes de preven\u00e7\u00e3o recomendadas pelas autoridades sanit\u00e1rias.<\/span><\/p>\n<p style=\"text-align: justify;\"><span style=\"font-family: arial, helvetica, sans-serif;\">A FEBRABAN e seus Bancos associados acreditam que, com a colabora\u00e7\u00e3o de todos, o pa\u00eds ser\u00e1 capaz de conter o avan\u00e7o do COVID-19 e reduzir seus efeitos negativos sobre a popula\u00e7\u00e3o.<\/span><\/p>\n<p style=\"text-align: justify;\"><span style=\"font-family: arial, helvetica, sans-serif;\">Fonte: Febraban<\/span><\/p>\n","protected":false},"excerpt":{"rendered":"<p class=\"excerpt\">Bancos refor\u00e7am a necessidade de que os clientes e o p\u00fablico em geral evitem ao m\u00e1ximo o comparecimento presencial A FEBRABAN e seus Bancos associados, divulgaram que diante da ado\u00e7\u00e3o da fase vermelha em todo o Estado de S\u00e3o Paulo, implementar\u00e3o todas as a\u00e7\u00f5es necess\u00e1rias e extraordin\u00e1rias para contribuir com os protocolos de sa\u00fade enquanto [&hellip;]<\/p>\n","protected":false},"author":2,"featured_media":14011,"comment_status":"closed","ping_status":"closed","sticky":false,"template":"","format":"standard","meta":{"_et_pb_use_builder":"","_et_pb_old_content":"","_et_gb_content_width":"","footnotes":""},"categories":[13],"tags":[],"class_list":["post-14010","post","type-post","status-publish","format-standard","has-post-thumbnail","hentry","category-noticias"],"_links":{"self":[{"href":"https:\/\/sjcbancarios.com.br\/site\/wp-json\/wp\/v2\/posts\/14010","targetHints":{"allow":["GET"]}}],"collection":[{"href":"https:\/\/sjcbancarios.com.br\/site\/wp-json\/wp\/v2\/posts"}],"about":[{"href":"https:\/\/sjcbancarios.com.br\/site\/wp-json\/wp\/v2\/types\/post"}],"author":[{"embeddable":true,"href":"https:\/\/sjcbancarios.com.br\/site\/wp-json\/wp\/v2\/users\/2"}],"replies":[{"embeddable":true,"href":"https:\/\/sjcbancarios.com.br\/site\/wp-json\/wp\/v2\/comments?post=14010"}],"version-history":[{"count":0,"href":"https:\/\/sjcbancarios.com.br\/site\/wp-json\/wp\/v2\/posts\/14010\/revisions"}],"wp:featuredmedia":[{"embeddable":true,"href":"https:\/\/sjcbancarios.com.br\/site\/wp-json\/wp\/v2\/media\/14011"}],"wp:attachment":[{"href":"https:\/\/sjcbancarios.com.br\/site\/wp-json\/wp\/v2\/media?parent=14010"}],"wp:term":[{"taxonomy":"category","embeddable":true,"href":"https:\/\/sjcbancarios.com.br\/site\/wp-json\/wp\/v2\/categories?post=14010"},{"taxonomy":"post_tag","embeddable":true,"href":"https:\/\/sjcbancarios.com.br\/site\/wp-json\/wp\/v2\/tags?post=14010"}],"curies":[{"name":"wp","href":"https:\/\/api.w.org\/{rel}","templated":true}]}}